{"id":9142,"date":"2026-01-19T19:08:58","date_gmt":"2026-01-19T18:08:58","guid":{"rendered":"https:\/\/walk4future.com\/?p=9142"},"modified":"2026-01-19T19:23:31","modified_gmt":"2026-01-19T18:23:31","slug":"brief-andern-2","status":"publish","type":"post","link":"https:\/\/walk4future.com\/de\/2026\/01\/19\/change-letter-2\/","title":{"rendered":"Change-Letter #2"},"content":{"rendered":"<div id=\"fws_69ee345d68a8b\"  data-column-margin=\"default\" data-midnight=\"dark\"  class=\"wpb_row vc_row-fluid vc_row\"  style=\"padding-top: 30px; padding-bottom: 0px; \"><div class=\"row-bg-wrap\" data-bg-animation=\"none\" data-bg-animation-delay=\"\" data-bg-overlay=\"false\"><div class=\"inner-wrap row-bg-layer\" ><div class=\"row-bg viewport-desktop\"  style=\"\"><\/div><\/div><\/div><div class=\"row_col_wrap_12 col span_12 dark left\">\n\t<div  class=\"vc_col-sm-12 wpb_column column_container vc_column_container col no-extra-padding inherit_tablet inherit_phone\"  data-padding-pos=\"all\" data-has-bg-color=\"false\" data-bg-color=\"\" data-bg-opacity=\"1\" data-animation=\"\" data-delay=\"0\" >\n\t\t<div class=\"vc_column-inner\" >\n\t\t\t<div class=\"wpb_wrapper\">\n\t\t\t\t\n<div class=\"wpb_text_column wpb_content_element\" >\n\t<div class=\"wpb_wrapper\">\n\t\t<h4><span style=\"color: #0e2a24;\">In dieser Woche im Change-Letter:<\/span><\/h4>\n<ol>\n<li>Woche 2\/ \u00dcbung 2 unseres walk&amp;save Challenge Vorbereitungskurses<\/li>\n<li>Informiere dich einfach mit unseren Online-Ressourcen<\/li>\n<li>Zwei zus\u00e4tzliche Veranstaltungen in M\u00fcnchen &amp; Reutlingen<\/li>\n<\/ol>\n<hr \/>\n<h4><span style=\"color: #0e2a24;\">Woche 2, Vorbereitungskurs: \u00dcberpr\u00fcfe das Etikett!<\/span><\/h4>\n<p>In Woche 1 hast du dich selbst herausgefordert, indem du einen Schaufensterbummel gemacht, Kleidung anprobiert und Widerstand ge\u00fcbt hast.<\/p>\n<p>Wie ist es f\u00fcr dich gelaufen? War es schwer? <a href=\"mailto:office@walk4future.com\" target=\"_blank\" rel=\"noopener\" data-cke-saved-href=\"mailto:office@walk4future.com?subject=My%20week%201%20experience%20\">Erz\u00e4hl uns mehr!<\/a><\/p>\n<p>Diese Woche wollen wir uns in Sachen \u201cEtikettenlesen\u201d weiterbilden.<\/p>\n<p>Wenn uns ein Artikel gef\u00e4llt, schauen wir normalerweise automatisch auf das Preisschild. Was wir normalerweise nicht tun, ist, das Etikett zu \u00fcberpr\u00fcfen, das uns \u00fcber die Zusammensetzung des Artikels informiert.<\/p>\n<p><a href=\"https:\/\/walk4future.com\/de\/2026\/01\/18\/walksave-vorbereitungskurs-woche-2\/\" target=\"_blank\" rel=\"noopener\" data-cke-saved-href=\"https:\/\/walk4future.com\/2026\/01\/18\/walksave-prep-course-week-2\/\">Mehr lesen<\/a><\/p>\n<hr \/>\n<h4>Bilde dich einfach weiter<\/h4>\n<p><span style=\"color: #0e2a24;\"><strong>Es gibt einen neuen Bereich auf walk4future.com: \u201cRessourcen\u201d.<\/strong><\/span><br \/>\nUnsere Vision ist es, DIE Plattform f\u00fcr all deine besseren Modebed\u00fcrfnisse zu werden:<\/p>\n<ol>\n<li>Community &amp; Challenges<\/li>\n<li>bessere Marken<\/li>\n<li>eine Quelle des Wissens und der Inspiration<\/li>\n<\/ol>\n<p>W\u00e4hrend du \u00dcbung 2 unseres Vorbereitungskurses machst, fragst du dich vielleicht, welche Materialien f\u00fcr deine Garderobe besser sein k\u00f6nnten? Erste Ideen findest du in unserer neuen Rubrik \u201cRessourcen\u201d. Wir werden Schritt f\u00fcr Schritt B\u00fccher und andere interessante Materialien hinzuf\u00fcgen.<\/p>\n<p><a href=\"https:\/\/walk4future.com\/de\/zukunftige-stoffe\/\" target=\"_blank\" rel=\"noopener\" data-cke-saved-href=\"https:\/\/walk4future.com\/future-fabrics\/\">Schau es dir an!<\/a><\/p>\n<hr \/>\n<h4><span style=\"color: #0e2a24;\">Style Walks in M\u00fcnchen &amp; Reutlingen<\/span><\/h4>\n<p>Unser Veranstaltungskalender f\u00fcr dieses Jahr w\u00e4chst international weiter an!<br \/>\n<strong>Notiere die Termine:<\/strong><\/p>\n<ol>\n<li><a href=\"https:\/\/walk4future.com\/de\/veranstaltung\/style-walk-outdoor-edition\/\" target=\"_blank\" rel=\"noopener\" data-cke-saved-href=\"https:\/\/walk4future.com\/event\/style-walk-outdoor-edition\/\"><strong>Mittwoch, 22. April, (Tag der Erde) Reutlingen: STYLE WALK OUTDOOR EDITION<\/strong><\/a> mit unserem Vorbild &amp; Biohackerin Katharina Dodik<\/li>\n<li><a href=\"https:\/\/walk4future.com\/de\/veranstaltung\/munchen-style-walk-mit-anna-julia-martina\/\" target=\"_blank\" rel=\"noopener\" data-cke-saved-href=\"https:\/\/walk4future.com\/event\/munich-style-walk-with-anna-julia-martina\/\"><strong>23. April, M\u00fcnchen: MUNICH STYLE WALK.<\/strong><\/a> Schlie\u00dfe dich Community Leader und Slow Fashion Designerin, <strong><a href=\"https:\/\/www.akjumii.com\/\" data-cke-saved-href=\"https:\/\/www.akjumii.com\/\">Anna Karsch von akjumii<\/a><\/strong>, Expertin f\u00fcr nachhaltigen Stil, <strong><a href=\"https:\/\/www.van-almsick.com\/\" data-cke-saved-href=\"https:\/\/www.van-almsick.com\/\">Julia van Almsick<\/a><\/strong>, und walk4future-Gr\u00fcnderin, <strong><a href=\"https:\/\/martina-gleissenebner-teskey.com\" data-cke-saved-href=\"https:\/\/martina-gleissenebner-teskey.com\">Martina Gleissenebner-Teskey<\/a><\/strong>, bei einem Style Walk und Style Workshop in M\u00fcnchen an!<\/li>\n<\/ol>\n<p><a href=\"https:\/\/walk4future.com\/de\/veranstaltungen\/\">Schau dir unseren Veranstaltungskalender an!<\/a><\/p>\n\t<\/div>\n<\/div>\n\n\n\n\n\t\t\t<\/div> \n\t\t<\/div>\n\t<\/div> \n<\/div><\/div>\n\t\t<div id=\"fws_69ee345d698f4\"  data-column-margin=\"default\" data-midnight=\"dark\"  class=\"wpb_row vc_row-fluid vc_row  right_padding_30px left_padding_30px\"  style=\"padding-top: 10px; padding-bottom: 10px; \"><div class=\"row-bg-wrap\" data-bg-animation=\"none\" data-bg-animation-delay=\"\" data-bg-overlay=\"false\"><div class=\"inner-wrap row-bg-layer\" ><div class=\"row-bg viewport-desktop\"  style=\"\"><\/div><\/div><\/div><div class=\"row_col_wrap_12 col span_12 dark left\">\n\t<div  class=\"vc_col-sm-12 wpb_column column_container vc_column_container col no-extra-padding inherit_tablet inherit_phone\"  data-padding-pos=\"all\" data-has-bg-color=\"false\" data-bg-color=\"\" data-bg-opacity=\"1\" data-animation=\"\" data-delay=\"0\" >\n\t\t<div class=\"vc_column-inner\" >\n\t\t\t<div class=\"wpb_wrapper\">\n\t\t\t\t<div class=\"img-with-aniamtion-wrap center\" data-max-width=\"100%\" data-max-width-mobile=\"default\" data-shadow=\"none\" data-animation=\"none\" >\n      <div class=\"inner\">\n        <div class=\"hover-wrap\"> \n          <div class=\"hover-wrap-inner\">\n            <img loading=\"lazy\" decoding=\"async\" class=\"img-with-animation skip-lazy\" data-delay=\"0\" height=\"1350\" width=\"1080\" data-animation=\"none\" src=\"https:\/\/walk4future.com\/wp-content\/uploads\/2026\/01\/Spruchpost1_de.jpg\" alt=\"\" srcset=\"https:\/\/walk4future.com\/wp-content\/uploads\/2026\/01\/Spruchpost1_de.jpg 1080w, https:\/\/walk4future.com\/wp-content\/uploads\/2026\/01\/Spruchpost1_de-240x300.jpg 240w, https:\/\/walk4future.com\/wp-content\/uploads\/2026\/01\/Spruchpost1_de-819x1024.jpg 819w, https:\/\/walk4future.com\/wp-content\/uploads\/2026\/01\/Spruchpost1_de-768x960.jpg 768w, https:\/\/walk4future.com\/wp-content\/uploads\/2026\/01\/Spruchpost1_de-10x12.jpg 10w\" sizes=\"auto, (max-width: 1080px) 100vw, 1080px\" \/>\n          <\/div>\n        <\/div>\n      <\/div>\n    <\/div>\n\t\t\t<\/div> \n\t\t<\/div>\n\t<\/div> \n<\/div><\/div>","protected":false},"excerpt":{"rendered":"Im Change-Letter dieser Woche: Woche 2\/ \u00dcbung 2 unseres walk&amp;save Challenge Prep-Course Bilde dich einfach mit unseren Online-Ressourcen weiter Zwei zus\u00e4tzliche Veranstaltungen in M\u00fcnchen &amp; Reutlingen Woche 2, Prep-Course: Check...","protected":false},"author":1,"featured_media":9144,"comment_status":"closed","ping_status":"open","sticky":false,"template":"","format":"standard","meta":{"_view_id":"","_price":"","_stock":"","_tribe_ticket_header":"","_tribe_default_ticket_provider":"","_tribe_ticket_capacity":"","_ticket_start_date":"","_ticket_end_date":"","_tribe_ticket_show_description":"","_tribe_ticket_show_not_going":false,"_tribe_ticket_use_global_stock":"","_tribe_ticket_global_stock_level":"","_global_stock_mode":"","_global_stock_cap":"","_tribe_rsvp_for_event":"","_tribe_ticket_going_count":"","_tribe_ticket_not_going_count":"","_tribe_tickets_list":"[]","_tribe_ticket_has_attendee_info_fields":false,"footnotes":""},"categories":[244],"tags":[253,255,254],"class_list":["post-9142","post","type-post","status-publish","format-standard","has-post-thumbnail","category-change-letter","tag-check-the-label","tag-online-resources","tag-style-walks"],"yoast_head":"<!-- This site is optimized with the Yoast SEO plugin v27.3 - https:\/\/yoast.com\/product\/yoast-seo-wordpress\/ -->\n<title>Change - Letter #2 - walk4future\u00ae - REthink Fashion!<\/title>\n<meta name=\"description\" content=\"In this weeks&#039; Change-Letter: Exercise 2 of our walk&amp;save Challenge Prep-Course, new Resources, Two additional events in Munich &amp; Reutlingen\" \/>\n<meta name=\"robots\" content=\"index, follow, max-snippet:-1, max-image-preview:large, max-video-preview:-1\" \/>\n<link rel=\"canonical\" href=\"https:\/\/walk4future.com\/de\/2026\/01\/19\/brief-andern-2\/\" \/>\n<meta property=\"og:locale\" content=\"de_DE\" \/>\n<meta property=\"og:type\" content=\"article\" \/>\n<meta property=\"og:title\" content=\"Change - Letter #2 - walk4future\u00ae - REthink Fashion!\" \/>\n<meta property=\"og:description\" content=\"In this weeks&#039; Change-Letter: Exercise 2 of our walk&amp;save Challenge Prep-Course, new Resources, Two additional events in Munich &amp; Reutlingen\" \/>\n<meta property=\"og:url\" content=\"https:\/\/walk4future.com\/de\/2026\/01\/19\/brief-andern-2\/\" \/>\n<meta property=\"og:site_name\" content=\"walk4future\u00ae - REthink Fashion!\" \/>\n<meta property=\"article:published_time\" content=\"2026-01-19T18:08:58+00:00\" \/>\n<meta property=\"article:modified_time\" content=\"2026-01-19T18:23:31+00:00\" \/>\n<meta property=\"og:image\" content=\"https:\/\/walk4future.com\/wp-content\/uploads\/2026\/01\/Spruchpost1.jpg\" \/>\n\t<meta property=\"og:image:width\" content=\"1080\" \/>\n\t<meta property=\"og:image:height\" content=\"1350\" \/>\n\t<meta property=\"og:image:type\" content=\"image\/jpeg\" \/>\n<meta name=\"author\" content=\"Martina\" \/>\n<meta name=\"twitter:card\" content=\"summary_large_image\" \/>\n<meta name=\"twitter:label1\" content=\"Verfasst von\" \/>\n\t<meta name=\"twitter:data1\" content=\"Martina\" \/>\n\t<meta name=\"twitter:label2\" content=\"Gesch\u00e4tzte Lesezeit\" \/>\n\t<meta name=\"twitter:data2\" content=\"2\u00a0Minuten\" \/>\n<script type=\"application\/ld+json\" class=\"yoast-schema-graph\">{\"@context\":\"https:\\\/\\\/schema.org\",\"@graph\":[{\"@type\":\"Article\",\"@id\":\"https:\\\/\\\/walk4future.com\\\/2026\\\/01\\\/19\\\/change-letter-2\\\/#article\",\"isPartOf\":{\"@id\":\"https:\\\/\\\/walk4future.com\\\/2026\\\/01\\\/19\\\/change-letter-2\\\/\"},\"author\":{\"name\":\"Martina\",\"@id\":\"https:\\\/\\\/walk4future.com\\\/#\\\/schema\\\/person\\\/007df6cf797fac3777ee222d3215aee4\"},\"headline\":\"Change &#8211; Letter #2\",\"datePublished\":\"2026-01-19T18:08:58+00:00\",\"dateModified\":\"2026-01-19T18:23:31+00:00\",\"mainEntityOfPage\":{\"@id\":\"https:\\\/\\\/walk4future.com\\\/2026\\\/01\\\/19\\\/change-letter-2\\\/\"},\"wordCount\":636,\"publisher\":{\"@id\":\"https:\\\/\\\/walk4future.com\\\/#organization\"},\"image\":{\"@id\":\"https:\\\/\\\/walk4future.com\\\/2026\\\/01\\\/19\\\/change-letter-2\\\/#primaryimage\"},\"thumbnailUrl\":\"https:\\\/\\\/walk4future.com\\\/wp-content\\\/uploads\\\/2026\\\/01\\\/Spruchpost1.jpg\",\"keywords\":[\"check the label\",\"online resources\",\"style walks\"],\"articleSection\":[\"Change-Letter\"],\"inLanguage\":\"de\"},{\"@type\":\"WebPage\",\"@id\":\"https:\\\/\\\/walk4future.com\\\/2026\\\/01\\\/19\\\/change-letter-2\\\/\",\"url\":\"https:\\\/\\\/walk4future.com\\\/2026\\\/01\\\/19\\\/change-letter-2\\\/\",\"name\":\"Change - Letter #2 - walk4future\u00ae - REthink Fashion!\",\"isPartOf\":{\"@id\":\"https:\\\/\\\/walk4future.com\\\/#website\"},\"primaryImageOfPage\":{\"@id\":\"https:\\\/\\\/walk4future.com\\\/2026\\\/01\\\/19\\\/change-letter-2\\\/#primaryimage\"},\"image\":{\"@id\":\"https:\\\/\\\/walk4future.com\\\/2026\\\/01\\\/19\\\/change-letter-2\\\/#primaryimage\"},\"thumbnailUrl\":\"https:\\\/\\\/walk4future.com\\\/wp-content\\\/uploads\\\/2026\\\/01\\\/Spruchpost1.jpg\",\"datePublished\":\"2026-01-19T18:08:58+00:00\",\"dateModified\":\"2026-01-19T18:23:31+00:00\",\"description\":\"In this weeks' Change-Letter: Exercise 2 of our walk&save Challenge Prep-Course, new Resources, Two additional events in Munich & Reutlingen\",\"breadcrumb\":{\"@id\":\"https:\\\/\\\/walk4future.com\\\/2026\\\/01\\\/19\\\/change-letter-2\\\/#breadcrumb\"},\"inLanguage\":\"de\",\"potentialAction\":[{\"@type\":\"ReadAction\",\"target\":[\"https:\\\/\\\/walk4future.com\\\/2026\\\/01\\\/19\\\/change-letter-2\\\/\"]}]},{\"@type\":\"ImageObject\",\"inLanguage\":\"de\",\"@id\":\"https:\\\/\\\/walk4future.com\\\/2026\\\/01\\\/19\\\/change-letter-2\\\/#primaryimage\",\"url\":\"https:\\\/\\\/walk4future.com\\\/wp-content\\\/uploads\\\/2026\\\/01\\\/Spruchpost1.jpg\",\"contentUrl\":\"https:\\\/\\\/walk4future.com\\\/wp-content\\\/uploads\\\/2026\\\/01\\\/Spruchpost1.jpg\",\"width\":1080,\"height\":1350},{\"@type\":\"BreadcrumbList\",\"@id\":\"https:\\\/\\\/walk4future.com\\\/2026\\\/01\\\/19\\\/change-letter-2\\\/#breadcrumb\",\"itemListElement\":[{\"@type\":\"ListItem\",\"position\":1,\"name\":\"Home\",\"item\":\"https:\\\/\\\/walk4future.com\\\/\"},{\"@type\":\"ListItem\",\"position\":2,\"name\":\"Change &#8211; Letter #2\"}]},{\"@type\":\"WebSite\",\"@id\":\"https:\\\/\\\/walk4future.com\\\/#website\",\"url\":\"https:\\\/\\\/walk4future.com\\\/\",\"name\":\"Walk4Future\",\"description\":\"The Future Fashion Movement\",\"publisher\":{\"@id\":\"https:\\\/\\\/walk4future.com\\\/#organization\"},\"potentialAction\":[{\"@type\":\"SearchAction\",\"target\":{\"@type\":\"EntryPoint\",\"urlTemplate\":\"https:\\\/\\\/walk4future.com\\\/?s={search_term_string}\"},\"query-input\":{\"@type\":\"PropertyValueSpecification\",\"valueRequired\":true,\"valueName\":\"search_term_string\"}}],\"inLanguage\":\"de\"},{\"@type\":\"Organization\",\"@id\":\"https:\\\/\\\/walk4future.com\\\/#organization\",\"name\":\"Walk4Future\",\"url\":\"https:\\\/\\\/walk4future.com\\\/\",\"logo\":{\"@type\":\"ImageObject\",\"inLanguage\":\"de\",\"@id\":\"https:\\\/\\\/walk4future.com\\\/#\\\/schema\\\/logo\\\/image\\\/\",\"url\":\"https:\\\/\\\/walk4future.com\\\/wp-content\\\/uploads\\\/2025\\\/01\\\/WALK4FUTURe_cut.png\",\"contentUrl\":\"https:\\\/\\\/walk4future.com\\\/wp-content\\\/uploads\\\/2025\\\/01\\\/WALK4FUTURe_cut.png\",\"width\":292,\"height\":292,\"caption\":\"Walk4Future\"},\"image\":{\"@id\":\"https:\\\/\\\/walk4future.com\\\/#\\\/schema\\\/logo\\\/image\\\/\"},\"sameAs\":[\"https:\\\/\\\/www.instagram.com\\\/walk.4future\\\/\"]},{\"@type\":\"Person\",\"@id\":\"https:\\\/\\\/walk4future.com\\\/#\\\/schema\\\/person\\\/007df6cf797fac3777ee222d3215aee4\",\"name\":\"Martina\",\"image\":{\"@type\":\"ImageObject\",\"inLanguage\":\"de\",\"@id\":\"\\\/\\\/www.gravatar.com\\\/avatar\\\/e934402d62cc2ccac7f532352bb408b2?s=96&#038;r=g&#038;d=mm\",\"url\":\"\\\/\\\/www.gravatar.com\\\/avatar\\\/e934402d62cc2ccac7f532352bb408b2?s=96&#038;r=g&#038;d=mm\",\"contentUrl\":\"\\\/\\\/www.gravatar.com\\\/avatar\\\/e934402d62cc2ccac7f532352bb408b2?s=96&#038;r=g&#038;d=mm\",\"caption\":\"Martina\"},\"sameAs\":[\"https:\\\/\\\/walk4future.com\"],\"url\":\"https:\\\/\\\/walk4future.com\\\/de\\\/author\\\/w4fadmin\\\/\"}]}<\/script>\n<!-- \/ Yoast SEO plugin. -->","yoast_head_json":{"title":"Ver\u00e4nderung - Brief #2 - walk4future\u00ae - REthink Fashion!","description":"Im Change-Letter dieser Woche: \u00dcbung 2 unseres walk&amp;save Challenge Vorbereitungskurses, neue Ressourcen, zwei zus\u00e4tzliche Veranstaltungen in M\u00fcnchen &amp; Reutlingen","robots":{"index":"index","follow":"follow","max-snippet":"max-snippet:-1","max-image-preview":"max-image-preview:large","max-video-preview":"max-video-preview:-1"},"canonical":"https:\/\/walk4future.com\/de\/2026\/01\/19\/brief-andern-2\/","og_locale":"de_DE","og_type":"article","og_title":"Change - Letter #2 - walk4future\u00ae - REthink Fashion!","og_description":"In this weeks' Change-Letter: Exercise 2 of our walk&save Challenge Prep-Course, new Resources, Two additional events in Munich & Reutlingen","og_url":"https:\/\/walk4future.com\/de\/2026\/01\/19\/brief-andern-2\/","og_site_name":"walk4future\u00ae - REthink Fashion!","article_published_time":"2026-01-19T18:08:58+00:00","article_modified_time":"2026-01-19T18:23:31+00:00","og_image":[{"width":1080,"height":1350,"url":"https:\/\/walk4future.com\/wp-content\/uploads\/2026\/01\/Spruchpost1.jpg","type":"image\/jpeg"}],"author":"Martina","twitter_card":"summary_large_image","twitter_misc":{"Verfasst von":"Martina","Gesch\u00e4tzte Lesezeit":"2\u00a0Minuten"},"schema":{"@context":"https:\/\/schema.org","@graph":[{"@type":"Article","@id":"https:\/\/walk4future.com\/2026\/01\/19\/change-letter-2\/#article","isPartOf":{"@id":"https:\/\/walk4future.com\/2026\/01\/19\/change-letter-2\/"},"author":{"name":"Martina","@id":"https:\/\/walk4future.com\/#\/schema\/person\/007df6cf797fac3777ee222d3215aee4"},"headline":"Change &#8211; Letter #2","datePublished":"2026-01-19T18:08:58+00:00","dateModified":"2026-01-19T18:23:31+00:00","mainEntityOfPage":{"@id":"https:\/\/walk4future.com\/2026\/01\/19\/change-letter-2\/"},"wordCount":636,"publisher":{"@id":"https:\/\/walk4future.com\/#organization"},"image":{"@id":"https:\/\/walk4future.com\/2026\/01\/19\/change-letter-2\/#primaryimage"},"thumbnailUrl":"https:\/\/walk4future.com\/wp-content\/uploads\/2026\/01\/Spruchpost1.jpg","keywords":["check the label","online resources","style walks"],"articleSection":["Change-Letter"],"inLanguage":"de"},{"@type":"WebPage","@id":"https:\/\/walk4future.com\/2026\/01\/19\/change-letter-2\/","url":"https:\/\/walk4future.com\/2026\/01\/19\/change-letter-2\/","name":"Ver\u00e4nderung - Brief #2 - walk4future\u00ae - REthink Fashion!","isPartOf":{"@id":"https:\/\/walk4future.com\/#website"},"primaryImageOfPage":{"@id":"https:\/\/walk4future.com\/2026\/01\/19\/change-letter-2\/#primaryimage"},"image":{"@id":"https:\/\/walk4future.com\/2026\/01\/19\/change-letter-2\/#primaryimage"},"thumbnailUrl":"https:\/\/walk4future.com\/wp-content\/uploads\/2026\/01\/Spruchpost1.jpg","datePublished":"2026-01-19T18:08:58+00:00","dateModified":"2026-01-19T18:23:31+00:00","description":"Im Change-Letter dieser Woche: \u00dcbung 2 unseres walk&amp;save Challenge Vorbereitungskurses, neue Ressourcen, zwei zus\u00e4tzliche Veranstaltungen in M\u00fcnchen &amp; Reutlingen","breadcrumb":{"@id":"https:\/\/walk4future.com\/2026\/01\/19\/change-letter-2\/#breadcrumb"},"inLanguage":"de","potentialAction":[{"@type":"ReadAction","target":["https:\/\/walk4future.com\/2026\/01\/19\/change-letter-2\/"]}]},{"@type":"ImageObject","inLanguage":"de","@id":"https:\/\/walk4future.com\/2026\/01\/19\/change-letter-2\/#primaryimage","url":"https:\/\/walk4future.com\/wp-content\/uploads\/2026\/01\/Spruchpost1.jpg","contentUrl":"https:\/\/walk4future.com\/wp-content\/uploads\/2026\/01\/Spruchpost1.jpg","width":1080,"height":1350},{"@type":"BreadcrumbList","@id":"https:\/\/walk4future.com\/2026\/01\/19\/change-letter-2\/#breadcrumb","itemListElement":[{"@type":"ListItem","position":1,"name":"Home","item":"https:\/\/walk4future.com\/"},{"@type":"ListItem","position":2,"name":"Change &#8211; Letter #2"}]},{"@type":"WebSite","@id":"https:\/\/walk4future.com\/#website","url":"https:\/\/walk4future.com\/","name":"Walk4Future","description":"Die Future Fashion-Bewegung","publisher":{"@id":"https:\/\/walk4future.com\/#organization"},"potentialAction":[{"@type":"SearchAction","target":{"@type":"EntryPoint","urlTemplate":"https:\/\/walk4future.com\/?s={search_term_string}"},"query-input":{"@type":"PropertyValueSpecification","valueRequired":true,"valueName":"search_term_string"}}],"inLanguage":"de"},{"@type":"Organization","@id":"https:\/\/walk4future.com\/#organization","name":"Walk4Future","url":"https:\/\/walk4future.com\/","logo":{"@type":"ImageObject","inLanguage":"de","@id":"https:\/\/walk4future.com\/#\/schema\/logo\/image\/","url":"https:\/\/walk4future.com\/wp-content\/uploads\/2025\/01\/WALK4FUTURe_cut.png","contentUrl":"https:\/\/walk4future.com\/wp-content\/uploads\/2025\/01\/WALK4FUTURe_cut.png","width":292,"height":292,"caption":"Walk4Future"},"image":{"@id":"https:\/\/walk4future.com\/#\/schema\/logo\/image\/"},"sameAs":["https:\/\/www.instagram.com\/walk.4future\/"]},{"@type":"Person","@id":"https:\/\/walk4future.com\/#\/schema\/person\/007df6cf797fac3777ee222d3215aee4","name":"Martina","image":{"@type":"ImageObject","inLanguage":"de","@id":"\/\/www.gravatar.com\/avatar\/e934402d62cc2ccac7f532352bb408b2?s=96&#038;r=g&#038;d=mm","url":"\/\/www.gravatar.com\/avatar\/e934402d62cc2ccac7f532352bb408b2?s=96&#038;r=g&#038;d=mm","contentUrl":"\/\/www.gravatar.com\/avatar\/e934402d62cc2ccac7f532352bb408b2?s=96&#038;r=g&#038;d=mm","caption":"Martina"},"sameAs":["https:\/\/walk4future.com"],"url":"https:\/\/walk4future.com\/de\/author\/w4fadmin\/"}]}},"_links":{"self":[{"href":"https:\/\/walk4future.com\/de\/wp-json\/wp\/v2\/posts\/9142","targetHints":{"allow":["GET"]}}],"collection":[{"href":"https:\/\/walk4future.com\/de\/wp-json\/wp\/v2\/posts"}],"about":[{"href":"https:\/\/walk4future.com\/de\/wp-json\/wp\/v2\/types\/post"}],"author":[{"embeddable":true,"href":"https:\/\/walk4future.com\/de\/wp-json\/wp\/v2\/users\/1"}],"replies":[{"embeddable":true,"href":"https:\/\/walk4future.com\/de\/wp-json\/wp\/v2\/comments?post=9142"}],"version-history":[{"count":3,"href":"https:\/\/walk4future.com\/de\/wp-json\/wp\/v2\/posts\/9142\/revisions"}],"predecessor-version":[{"id":9150,"href":"https:\/\/walk4future.com\/de\/wp-json\/wp\/v2\/posts\/9142\/revisions\/9150"}],"wp:featuredmedia":[{"embeddable":true,"href":"https:\/\/walk4future.com\/de\/wp-json\/wp\/v2\/media\/9144"}],"wp:attachment":[{"href":"https:\/\/walk4future.com\/de\/wp-json\/wp\/v2\/media?parent=9142"}],"wp:term":[{"taxonomy":"category","embeddable":true,"href":"https:\/\/walk4future.com\/de\/wp-json\/wp\/v2\/categories?post=9142"},{"taxonomy":"post_tag","embeddable":true,"href":"https:\/\/walk4future.com\/de\/wp-json\/wp\/v2\/tags?post=9142"}],"curies":[{"name":"wp","href":"https:\/\/api.w.org\/{rel}","templated":true}]}}