{"id":9038,"date":"2026-01-12T20:32:45","date_gmt":"2026-01-12T19:32:45","guid":{"rendered":"https:\/\/walk4future.com\/?p=9038"},"modified":"2026-01-12T20:44:59","modified_gmt":"2026-01-12T19:44:59","slug":"andern-brief-1-2026","status":"publish","type":"post","link":"https:\/\/walk4future.com\/de\/2026\/01\/12\/change-letter-1-2026\/","title":{"rendered":"Change-Letter #1, 2026"},"content":{"rendered":"<div id=\"fws_69ee128189957\"  data-column-margin=\"default\" data-midnight=\"dark\"  class=\"wpb_row vc_row-fluid vc_row\"  style=\"padding-top: 30px; padding-bottom: 0px; \"><div class=\"row-bg-wrap\" data-bg-animation=\"none\" data-bg-animation-delay=\"\" data-bg-overlay=\"false\"><div class=\"inner-wrap row-bg-layer\" ><div class=\"row-bg viewport-desktop\"  style=\"\"><\/div><\/div><\/div><div class=\"row_col_wrap_12 col span_12 dark left\">\n\t<div  class=\"vc_col-sm-12 wpb_column column_container vc_column_container col no-extra-padding inherit_tablet inherit_phone\"  data-padding-pos=\"all\" data-has-bg-color=\"false\" data-bg-color=\"\" data-bg-opacity=\"1\" data-animation=\"\" data-delay=\"0\" >\n\t\t<div class=\"vc_column-inner\" >\n\t\t\t<div class=\"wpb_wrapper\">\n\t\t\t\t\n<div class=\"wpb_text_column wpb_content_element\" >\n\t<div class=\"wpb_wrapper\">\n\t\t<h3>Motto 2026: Sei Teil der 25%!<\/h3>\n<p>Wir haben unserer Bewegung einen neuen, frischen Look verpasst und sie komplett \u00fcberarbeitet. Kr\u00e4ftige Farben, eine frische Atmosph\u00e4re, mehr Energie. Aber wir haben dem Haus nicht nur einen neuen Anstrich verpasst, sondern auch das Innere umgestaltet:<\/p>\n<ol>\n<li>Verbesserter Inhalt<\/li>\n<li>Neue Angebote<\/li>\n<\/ol>\n<h4 class=\"null\">Und das Motto, das uns durch dieses Jahr f\u00fchren wird: <strong>Sei Teil der 25%<\/strong><\/h4>\n<p class=\"null\">Und warum? Weil <strong>es braucht nur 25%, um das System zu \u00e4ndern<\/strong>. Eine Minderheit, die ihr Verhalten SICHTBAR und BEST\u00c4NDIG \u00e4ndert.<\/p>\n<p>Bei allem, was wir tun, verfolgen wir dieses eine Ziel: die 25% der Modekonsument:innen in unseren Gesellschaften zu erreichen und sie dazu zu bringen, unser Mantra zu \u00fcbernehmen: mehr gehen - weniger ausgeben - besser investieren.<\/p>\n<p><em><strong>DU bist bereits Teil der 25%.<br \/>\nAber ihr seid die Wichtigsten, denn ihr seid die QUELLE DER VER\u00c4NDERUNG.<br \/>\nAlles beginnt mit DIR.<\/strong><\/em><\/p>\n<p><a href=\"https:\/\/walk4future.com\/de\/2026\/01\/05\/motto-2026-zum-25\/\">mehr lesen...<\/a><\/p>\n\t<\/div>\n<\/div>\n\n\n\n<div class=\"divider-wrap\" data-alignment=\"default\"><div style=\"margin-top: 12.5px; height: 1px; margin-bottom: 12.5px;\" data-width=\"100%\" data-animate=\"\" data-animation-delay=\"\" data-color=\"accent-color\" class=\"divider-border\"><\/div><\/div>\n\t\t\t<\/div> \n\t\t<\/div>\n\t<\/div> \n<\/div><\/div>\n\t\t<div id=\"fws_69ee12818a874\"  data-column-margin=\"default\" data-midnight=\"dark\"  class=\"wpb_row vc_row-fluid vc_row\"  style=\"padding-top: 0px; padding-bottom: 0px; \"><div class=\"row-bg-wrap\" data-bg-animation=\"none\" data-bg-animation-delay=\"\" data-bg-overlay=\"false\"><div class=\"inner-wrap row-bg-layer\" ><div class=\"row-bg viewport-desktop\"  style=\"\"><\/div><\/div><\/div><div class=\"row_col_wrap_12 col span_12 dark left\">\n\t<div  class=\"vc_col-sm-12 wpb_column column_container vc_column_container col no-extra-padding inherit_tablet inherit_phone\"  data-padding-pos=\"all\" data-has-bg-color=\"false\" data-bg-color=\"\" data-bg-opacity=\"1\" data-animation=\"\" data-delay=\"0\" >\n\t\t<div class=\"vc_column-inner\" >\n\t\t\t<div class=\"wpb_wrapper\">\n\t\t\t\t\n<div class=\"wpb_text_column wpb_content_element\" >\n\t<div class=\"wpb_wrapper\">\n\t\t<p>Es sind nur noch 7 Wochen bis zu unserer ersten walk&amp; save Challenge im Jahr 2026, bei der wir unsere kollektive Macht zeigen wollen, indem wir mehr laufen und weniger f\u00fcr Dinge ausgeben, die wir eigentlich nicht brauchen oder die dem Planeten und den Menschen schaden.<\/p>\n<p><strong>Letztes Jahr hat unsere Gemeinschaft \u00fcber 9.000.000 (= 9 Millionen!) Schritte in zwei walk&amp;save Challenges gemacht, das sind rund 6500 km in nur 2 Monaten und 13.400 Euro gespart! \u00a0<\/strong><\/p>\n<p>Dieses Jahr wollen wir auf diesem Erfolg aufbauen und weiter wachsen.<\/p>\n<p><strong>W\u00e4hrend der 1. M\u00e4rz n\u00e4her r\u00fcckt,<\/strong><\/p>\n<ol>\n<li>\u00fcberarbeiten wir das Mitglieder-Dashboard, um es noch bequemer und intelligenter zu machen<\/li>\n<li><strong>laden wir DICH ein, dich mit w\u00f6chentlichen \u00dcbungen in unserem <a href=\"https:\/\/walk4future.com\/de\/veranstaltung\/walksave-challenge-vorbereitungskurs\/\" target=\"_blank\" rel=\"noopener\" data-cke-saved-href=\"https:\/\/walk4future.com\/event\/walksave-challenge-prep-course\/\">walk&amp;save Challenge Prep-Kurs vorzubereiten<\/a><\/strong><\/li>\n<\/ol>\n<p>Der Kurs ist kostenlos, du musst dich nicht anmelden und er wird nicht viel von deiner Zeit in Anspruch nehmen.<\/p>\n<h4><a href=\"https:\/\/walk4future.com\/de\/2026\/01\/11\/walksave-vorbereitungskurs-woche-1\/\">Tauche ein in die \u00dcbung Woche 1: Beobachte deinen Kaufimpuls<\/a><\/h4>\n\t<\/div>\n<\/div>\n\n\n\n<div class=\"divider-wrap\" data-alignment=\"default\"><div style=\"margin-top: 12.5px; height: 1px; margin-bottom: 12.5px;\" data-width=\"100%\" data-animate=\"\" data-animation-delay=\"\" data-color=\"accent-color\" class=\"divider-border\"><\/div><\/div>\n\t\t\t<\/div> \n\t\t<\/div>\n\t<\/div> \n<\/div><\/div>\n\t\t<div id=\"fws_69ee12818b494\"  data-column-margin=\"default\" data-midnight=\"dark\"  class=\"wpb_row vc_row-fluid vc_row\"  style=\"padding-top: 40px; padding-bottom: 0px; \"><div class=\"row-bg-wrap\" data-bg-animation=\"none\" data-bg-animation-delay=\"\" data-bg-overlay=\"false\"><div class=\"inner-wrap row-bg-layer\" ><div class=\"row-bg viewport-desktop\"  style=\"\"><\/div><\/div><\/div><div class=\"row_col_wrap_12 col span_12 dark left\">\n\t<div  class=\"vc_col-sm-12 wpb_column column_container vc_column_container col no-extra-padding inherit_tablet inherit_phone\"  data-padding-pos=\"all\" data-has-bg-color=\"false\" data-bg-color=\"\" data-bg-opacity=\"1\" data-animation=\"\" data-delay=\"0\" >\n\t\t<div class=\"vc_column-inner\" >\n\t\t\t<div class=\"wpb_wrapper\">\n\t\t\t\t\n<div class=\"wpb_text_column wpb_content_element\" >\n\t<div class=\"wpb_wrapper\">\n\t\t<h4>Das k\u00f6nnte f\u00fcr die Fitnessorientierten unter euch interessant sein:<\/h4>\n<p><strong>Ich gr\u00fcnde walk4future\u00ae-Gehgruppen an den folgenden<\/strong> <a href=\"https:\/\/mammutmarsch.de\/?raf=MARTINA.GL33565\" target=\"_blank\" rel=\"noopener\" data-cke-saved-href=\"https:\/\/mammutmarsch.de\/?raf=MARTINA.GL33565\">MAMMUT MARSCH - Veranstaltungen<\/a>:<\/p>\n<ul>\n<li><strong>21. Februar: Madrid<\/strong><\/li>\n<li><strong>14. M\u00e4rz: M\u00fcnchen<\/strong><\/li>\n<li><em>vielleicht<\/em>: <strong>11. April: Wien<\/strong><\/li>\n<\/ul>\n<p><strong><a href=\"https:\/\/mammutmarsch.de\/?raf=MARTINA.GL33565\" target=\"_blank\" rel=\"noopener\" data-cke-saved-href=\"https:\/\/mammutmarsch.de\/?raf=MARTINA.GL33565\">Schlie\u00dfe dich mir an, <\/a><\/strong>hol dir ein walk4future\u00ae - Abzeichen oder Shirt oder... (wir entwickeln gerade das f\u00fcr uns am besten geeignete Feature, ohne zus\u00e4tzlichen M\u00fcll zu produzieren) und lass uns unsere Schrittzahl erh\u00f6hen!!<\/p>\n<p><strong>Wenn du Interesse hast, eine walk4future - Gehgruppe zu organisieren - sei es w\u00e4hrend der Mammut Walks, sei es abseits davon w\u00e4hrend der walk&amp;save Challenge: lass es mich wissen! <u>Schick mir eine <a href=\"mailto:office@walk4future.com\">E-Mail<\/a><\/u><\/strong><\/p>\n\t<\/div>\n<\/div>\n\n\n\n<div class=\"divider-wrap\" data-alignment=\"default\"><div style=\"margin-top: 12.5px; height: 1px; margin-bottom: 12.5px;\" data-width=\"100%\" data-animate=\"\" data-animation-delay=\"\" data-color=\"accent-color\" class=\"divider-border\"><\/div><\/div>\n\t\t\t<\/div> \n\t\t<\/div>\n\t<\/div> \n<\/div><\/div>\n\t\t<div id=\"fws_69ee12818c00c\"  data-column-margin=\"default\" data-midnight=\"dark\"  class=\"wpb_row vc_row-fluid vc_row\"  style=\"padding-top: 0px; padding-bottom: 0px; \"><div class=\"row-bg-wrap\" data-bg-animation=\"none\" data-bg-animation-delay=\"\" data-bg-overlay=\"false\"><div class=\"inner-wrap row-bg-layer\" ><div class=\"row-bg viewport-desktop\"  style=\"\"><\/div><\/div><\/div><div class=\"row_col_wrap_12 col span_12 dark left\">\n\t<div  class=\"vc_col-sm-6 wpb_column column_container vc_column_container col no-extra-padding inherit_tablet inherit_phone\"  data-padding-pos=\"all\" data-has-bg-color=\"false\" data-bg-color=\"\" data-bg-opacity=\"1\" data-animation=\"\" data-delay=\"0\" >\n\t\t<div class=\"vc_column-inner\" >\n\t\t\t<div class=\"wpb_wrapper\">\n\t\t\t\t<div class=\"img-with-aniamtion-wrap\" data-max-width=\"100%\" data-max-width-mobile=\"default\" data-shadow=\"none\" data-animation=\"none\" >\n      <div class=\"inner\">\n        <div class=\"hover-wrap\"> \n          <div class=\"hover-wrap-inner\">\n            <img loading=\"lazy\" decoding=\"async\" class=\"img-with-animation skip-lazy\" data-delay=\"0\" height=\"1350\" width=\"1080\" data-animation=\"none\" src=\"https:\/\/walk4future.com\/wp-content\/uploads\/2025\/12\/collective-Consciousness.png\" alt=\"\" srcset=\"https:\/\/walk4future.com\/wp-content\/uploads\/2025\/12\/collective-Consciousness.png 1080w, https:\/\/walk4future.com\/wp-content\/uploads\/2025\/12\/collective-Consciousness-240x300.png 240w, https:\/\/walk4future.com\/wp-content\/uploads\/2025\/12\/collective-Consciousness-819x1024.png 819w, https:\/\/walk4future.com\/wp-content\/uploads\/2025\/12\/collective-Consciousness-768x960.png 768w, https:\/\/walk4future.com\/wp-content\/uploads\/2025\/12\/collective-Consciousness-10x12.png 10w\" sizes=\"auto, (max-width: 1080px) 100vw, 1080px\" \/>\n          <\/div>\n        <\/div>\n      <\/div>\n    <\/div>\n\t\t\t<\/div> \n\t\t<\/div>\n\t<\/div> \n\n\t<div  class=\"vc_col-sm-6 wpb_column column_container vc_column_container col no-extra-padding inherit_tablet inherit_phone\"  data-padding-pos=\"all\" data-has-bg-color=\"false\" data-bg-color=\"\" data-bg-opacity=\"1\" data-animation=\"\" data-delay=\"0\" >\n\t\t<div class=\"vc_column-inner\" >\n\t\t\t<div class=\"wpb_wrapper\">\n\t\t\t\t\n<div class=\"wpb_text_column wpb_content_element\" >\n\t<div class=\"wpb_wrapper\">\n\t\t<p>Bitte<\/p>\n<ul>\n<li>teile diesen Change-Letter,<\/li>\n<li>nimm Kontakt auf, wenn du etwas gemeinsam organisieren willst,<\/li>\n<li>melde dich, wenn du Feedback aller Art und Ideen hast.<\/li>\n<\/ul>\n<p><strong>UND: <\/strong>wir sind bereits auf der Suche nach NEUEN BESSEREN MARKEN, die wir in unserer n\u00e4chsten Ausgabe <a href=\"https:\/\/brands4future.com\" target=\"_blank\" rel=\"noopener\" data-cke-saved-href=\"https:\/\/brands4future.com\">des Better Brands - Drops vorstellen m\u00f6chten.<\/a>.<br \/>\nWenn du eine Marke kennst, die in unserem Beitrag vorkommen sollte, <strong><a href=\"mailto:office@brands4future.com\">lass es uns wissen!<\/a><\/strong>!<\/p>\n<p>Habt eine tolle Woche!<br \/>\n<em>Martina Gleissenebner-Teskey\u00a0<\/em><\/p>\n\t<\/div>\n<\/div>\n\n\n\n\n\t\t\t<\/div> \n\t\t<\/div>\n\t<\/div> \n<\/div><\/div>","protected":false},"excerpt":{"rendered":"MOTTO 2026: Mach mit beim 25% Wir haben unserer Bewegung einen neuen Look verpasst und sie komplett \u00fcberarbeitet. Knallige Farben, eine frische Atmosph\u00e4re, mehr Energie. Aber wir haben nicht nur die...","protected":false},"author":1,"featured_media":9035,"comment_status":"closed","ping_status":"open","sticky":false,"template":"","format":"standard","meta":{"_view_id":"","_price":"","_stock":"","_tribe_ticket_header":"","_tribe_default_ticket_provider":"","_tribe_ticket_capacity":"","_ticket_start_date":"","_ticket_end_date":"","_tribe_ticket_show_description":"","_tribe_ticket_show_not_going":false,"_tribe_ticket_use_global_stock":"","_tribe_ticket_global_stock_level":"","_global_stock_mode":"","_global_stock_cap":"","_tribe_rsvp_for_event":"","_tribe_ticket_going_count":"","_tribe_ticket_not_going_count":"","_tribe_tickets_list":"[]","_tribe_ticket_has_attendee_info_fields":false,"footnotes":""},"categories":[244],"tags":[222,231,245],"class_list":["post-9038","post","type-post","status-publish","format-standard","has-post-thumbnail","category-change-letter","tag-events-2026","tag-join-the-25","tag-walksave-prep-course"],"yoast_head":"<!-- This site is optimized with the Yoast SEO plugin v27.3 - https:\/\/yoast.com\/product\/yoast-seo-wordpress\/ -->\n<title>Change-Letter #1, 2026 - walk4future\u00ae - REthink Fashion!<\/title>\n<meta name=\"description\" content=\"The first edition of our change letter in 2026. Motto Launch, walk&amp;save Prep-course, walk4future\u00ae walking groups\" \/>\n<meta name=\"robots\" content=\"index, follow, max-snippet:-1, max-image-preview:large, max-video-preview:-1\" \/>\n<link rel=\"canonical\" href=\"https:\/\/walk4future.com\/de\/2026\/01\/12\/andern-brief-1-2026\/\" \/>\n<meta property=\"og:locale\" content=\"de_DE\" \/>\n<meta property=\"og:type\" content=\"article\" \/>\n<meta property=\"og:title\" content=\"Change-Letter #1, 2026 - walk4future\u00ae - REthink Fashion!\" \/>\n<meta property=\"og:description\" content=\"The first edition of our change letter in 2026. Motto Launch, walk&amp;save Prep-course, walk4future\u00ae walking groups\" \/>\n<meta property=\"og:url\" content=\"https:\/\/walk4future.com\/de\/2026\/01\/12\/andern-brief-1-2026\/\" \/>\n<meta property=\"og:site_name\" content=\"walk4future\u00ae - REthink Fashion!\" \/>\n<meta property=\"article:published_time\" content=\"2026-01-12T19:32:45+00:00\" \/>\n<meta property=\"article:modified_time\" content=\"2026-01-12T19:44:59+00:00\" \/>\n<meta property=\"og:image\" content=\"https:\/\/walk4future.com\/wp-content\/uploads\/2025\/12\/collective-Consciousness.png\" \/>\n\t<meta property=\"og:image:width\" content=\"1080\" \/>\n\t<meta property=\"og:image:height\" content=\"1350\" \/>\n\t<meta property=\"og:image:type\" content=\"image\/png\" \/>\n<meta name=\"author\" content=\"Martina\" \/>\n<meta name=\"twitter:card\" content=\"summary_large_image\" \/>\n<meta name=\"twitter:label1\" content=\"Verfasst von\" \/>\n\t<meta name=\"twitter:data1\" content=\"Martina\" \/>\n\t<meta name=\"twitter:label2\" content=\"Gesch\u00e4tzte Lesezeit\" \/>\n\t<meta name=\"twitter:data2\" content=\"4\u00a0Minuten\" \/>\n<script type=\"application\/ld+json\" class=\"yoast-schema-graph\">{\"@context\":\"https:\\\/\\\/schema.org\",\"@graph\":[{\"@type\":\"Article\",\"@id\":\"https:\\\/\\\/walk4future.com\\\/2026\\\/01\\\/12\\\/change-letter-1-2026\\\/#article\",\"isPartOf\":{\"@id\":\"https:\\\/\\\/walk4future.com\\\/2026\\\/01\\\/12\\\/change-letter-1-2026\\\/\"},\"author\":{\"name\":\"Martina\",\"@id\":\"https:\\\/\\\/walk4future.com\\\/#\\\/schema\\\/person\\\/007df6cf797fac3777ee222d3215aee4\"},\"headline\":\"Change-Letter #1, 2026\",\"datePublished\":\"2026-01-12T19:32:45+00:00\",\"dateModified\":\"2026-01-12T19:44:59+00:00\",\"mainEntityOfPage\":{\"@id\":\"https:\\\/\\\/walk4future.com\\\/2026\\\/01\\\/12\\\/change-letter-1-2026\\\/\"},\"wordCount\":1266,\"publisher\":{\"@id\":\"https:\\\/\\\/walk4future.com\\\/#organization\"},\"image\":{\"@id\":\"https:\\\/\\\/walk4future.com\\\/2026\\\/01\\\/12\\\/change-letter-1-2026\\\/#primaryimage\"},\"thumbnailUrl\":\"https:\\\/\\\/walk4future.com\\\/wp-content\\\/uploads\\\/2025\\\/12\\\/collective-Consciousness.png\",\"keywords\":[\"events 2026\",\"join the 25%\",\"walk&amp;save prep-course\"],\"articleSection\":[\"Change-Letter\"],\"inLanguage\":\"de\"},{\"@type\":\"WebPage\",\"@id\":\"https:\\\/\\\/walk4future.com\\\/2026\\\/01\\\/12\\\/change-letter-1-2026\\\/\",\"url\":\"https:\\\/\\\/walk4future.com\\\/2026\\\/01\\\/12\\\/change-letter-1-2026\\\/\",\"name\":\"Change-Letter #1, 2026 - walk4future\u00ae - REthink Fashion!\",\"isPartOf\":{\"@id\":\"https:\\\/\\\/walk4future.com\\\/#website\"},\"primaryImageOfPage\":{\"@id\":\"https:\\\/\\\/walk4future.com\\\/2026\\\/01\\\/12\\\/change-letter-1-2026\\\/#primaryimage\"},\"image\":{\"@id\":\"https:\\\/\\\/walk4future.com\\\/2026\\\/01\\\/12\\\/change-letter-1-2026\\\/#primaryimage\"},\"thumbnailUrl\":\"https:\\\/\\\/walk4future.com\\\/wp-content\\\/uploads\\\/2025\\\/12\\\/collective-Consciousness.png\",\"datePublished\":\"2026-01-12T19:32:45+00:00\",\"dateModified\":\"2026-01-12T19:44:59+00:00\",\"description\":\"The first edition of our change letter in 2026. Motto Launch, walk&save Prep-course, walk4future\u00ae walking groups\",\"breadcrumb\":{\"@id\":\"https:\\\/\\\/walk4future.com\\\/2026\\\/01\\\/12\\\/change-letter-1-2026\\\/#breadcrumb\"},\"inLanguage\":\"de\",\"potentialAction\":[{\"@type\":\"ReadAction\",\"target\":[\"https:\\\/\\\/walk4future.com\\\/2026\\\/01\\\/12\\\/change-letter-1-2026\\\/\"]}]},{\"@type\":\"ImageObject\",\"inLanguage\":\"de\",\"@id\":\"https:\\\/\\\/walk4future.com\\\/2026\\\/01\\\/12\\\/change-letter-1-2026\\\/#primaryimage\",\"url\":\"https:\\\/\\\/walk4future.com\\\/wp-content\\\/uploads\\\/2025\\\/12\\\/collective-Consciousness.png\",\"contentUrl\":\"https:\\\/\\\/walk4future.com\\\/wp-content\\\/uploads\\\/2025\\\/12\\\/collective-Consciousness.png\",\"width\":1080,\"height\":1350},{\"@type\":\"BreadcrumbList\",\"@id\":\"https:\\\/\\\/walk4future.com\\\/2026\\\/01\\\/12\\\/change-letter-1-2026\\\/#breadcrumb\",\"itemListElement\":[{\"@type\":\"ListItem\",\"position\":1,\"name\":\"Home\",\"item\":\"https:\\\/\\\/walk4future.com\\\/\"},{\"@type\":\"ListItem\",\"position\":2,\"name\":\"Change-Letter #1, 2026\"}]},{\"@type\":\"WebSite\",\"@id\":\"https:\\\/\\\/walk4future.com\\\/#website\",\"url\":\"https:\\\/\\\/walk4future.com\\\/\",\"name\":\"Walk4Future\",\"description\":\"The Future Fashion Movement\",\"publisher\":{\"@id\":\"https:\\\/\\\/walk4future.com\\\/#organization\"},\"potentialAction\":[{\"@type\":\"SearchAction\",\"target\":{\"@type\":\"EntryPoint\",\"urlTemplate\":\"https:\\\/\\\/walk4future.com\\\/?s={search_term_string}\"},\"query-input\":{\"@type\":\"PropertyValueSpecification\",\"valueRequired\":true,\"valueName\":\"search_term_string\"}}],\"inLanguage\":\"de\"},{\"@type\":\"Organization\",\"@id\":\"https:\\\/\\\/walk4future.com\\\/#organization\",\"name\":\"Walk4Future\",\"url\":\"https:\\\/\\\/walk4future.com\\\/\",\"logo\":{\"@type\":\"ImageObject\",\"inLanguage\":\"de\",\"@id\":\"https:\\\/\\\/walk4future.com\\\/#\\\/schema\\\/logo\\\/image\\\/\",\"url\":\"https:\\\/\\\/walk4future.com\\\/wp-content\\\/uploads\\\/2025\\\/01\\\/WALK4FUTURe_cut.png\",\"contentUrl\":\"https:\\\/\\\/walk4future.com\\\/wp-content\\\/uploads\\\/2025\\\/01\\\/WALK4FUTURe_cut.png\",\"width\":292,\"height\":292,\"caption\":\"Walk4Future\"},\"image\":{\"@id\":\"https:\\\/\\\/walk4future.com\\\/#\\\/schema\\\/logo\\\/image\\\/\"},\"sameAs\":[\"https:\\\/\\\/www.instagram.com\\\/walk.4future\\\/\"]},{\"@type\":\"Person\",\"@id\":\"https:\\\/\\\/walk4future.com\\\/#\\\/schema\\\/person\\\/007df6cf797fac3777ee222d3215aee4\",\"name\":\"Martina\",\"image\":{\"@type\":\"ImageObject\",\"inLanguage\":\"de\",\"@id\":\"\\\/\\\/www.gravatar.com\\\/avatar\\\/e934402d62cc2ccac7f532352bb408b2?s=96&#038;r=g&#038;d=mm\",\"url\":\"\\\/\\\/www.gravatar.com\\\/avatar\\\/e934402d62cc2ccac7f532352bb408b2?s=96&#038;r=g&#038;d=mm\",\"contentUrl\":\"\\\/\\\/www.gravatar.com\\\/avatar\\\/e934402d62cc2ccac7f532352bb408b2?s=96&#038;r=g&#038;d=mm\",\"caption\":\"Martina\"},\"sameAs\":[\"https:\\\/\\\/walk4future.com\"],\"url\":\"https:\\\/\\\/walk4future.com\\\/de\\\/author\\\/w4fadmin\\\/\"}]}<\/script>\n<!-- \/ Yoast SEO plugin. -->","yoast_head_json":{"title":"Change-Letter #1, 2026 - walk4future\u00ae - REthink Fashion!","description":"Die erste Ausgabe unseres Ver\u00e4nderungsbriefs im Jahr 2026. Motto Launch, walk&amp;save Vorbereitungskurs, walk4future\u00ae Wandergruppen","robots":{"index":"index","follow":"follow","max-snippet":"max-snippet:-1","max-image-preview":"max-image-preview:large","max-video-preview":"max-video-preview:-1"},"canonical":"https:\/\/walk4future.com\/de\/2026\/01\/12\/andern-brief-1-2026\/","og_locale":"de_DE","og_type":"article","og_title":"Change-Letter #1, 2026 - walk4future\u00ae - REthink Fashion!","og_description":"The first edition of our change letter in 2026. Motto Launch, walk&save Prep-course, walk4future\u00ae walking groups","og_url":"https:\/\/walk4future.com\/de\/2026\/01\/12\/andern-brief-1-2026\/","og_site_name":"walk4future\u00ae - REthink Fashion!","article_published_time":"2026-01-12T19:32:45+00:00","article_modified_time":"2026-01-12T19:44:59+00:00","og_image":[{"width":1080,"height":1350,"url":"https:\/\/walk4future.com\/wp-content\/uploads\/2025\/12\/collective-Consciousness.png","type":"image\/png"}],"author":"Martina","twitter_card":"summary_large_image","twitter_misc":{"Verfasst von":"Martina","Gesch\u00e4tzte Lesezeit":"4\u00a0Minuten"},"schema":{"@context":"https:\/\/schema.org","@graph":[{"@type":"Article","@id":"https:\/\/walk4future.com\/2026\/01\/12\/change-letter-1-2026\/#article","isPartOf":{"@id":"https:\/\/walk4future.com\/2026\/01\/12\/change-letter-1-2026\/"},"author":{"name":"Martina","@id":"https:\/\/walk4future.com\/#\/schema\/person\/007df6cf797fac3777ee222d3215aee4"},"headline":"Change-Letter #1, 2026","datePublished":"2026-01-12T19:32:45+00:00","dateModified":"2026-01-12T19:44:59+00:00","mainEntityOfPage":{"@id":"https:\/\/walk4future.com\/2026\/01\/12\/change-letter-1-2026\/"},"wordCount":1266,"publisher":{"@id":"https:\/\/walk4future.com\/#organization"},"image":{"@id":"https:\/\/walk4future.com\/2026\/01\/12\/change-letter-1-2026\/#primaryimage"},"thumbnailUrl":"https:\/\/walk4future.com\/wp-content\/uploads\/2025\/12\/collective-Consciousness.png","keywords":["events 2026","join the 25%","walk&amp;save prep-course"],"articleSection":["Change-Letter"],"inLanguage":"de"},{"@type":"WebPage","@id":"https:\/\/walk4future.com\/2026\/01\/12\/change-letter-1-2026\/","url":"https:\/\/walk4future.com\/2026\/01\/12\/change-letter-1-2026\/","name":"Change-Letter #1, 2026 - walk4future\u00ae - REthink Fashion!","isPartOf":{"@id":"https:\/\/walk4future.com\/#website"},"primaryImageOfPage":{"@id":"https:\/\/walk4future.com\/2026\/01\/12\/change-letter-1-2026\/#primaryimage"},"image":{"@id":"https:\/\/walk4future.com\/2026\/01\/12\/change-letter-1-2026\/#primaryimage"},"thumbnailUrl":"https:\/\/walk4future.com\/wp-content\/uploads\/2025\/12\/collective-Consciousness.png","datePublished":"2026-01-12T19:32:45+00:00","dateModified":"2026-01-12T19:44:59+00:00","description":"Die erste Ausgabe unseres Ver\u00e4nderungsbriefs im Jahr 2026. Motto Launch, walk&amp;save Vorbereitungskurs, walk4future\u00ae Wandergruppen","breadcrumb":{"@id":"https:\/\/walk4future.com\/2026\/01\/12\/change-letter-1-2026\/#breadcrumb"},"inLanguage":"de","potentialAction":[{"@type":"ReadAction","target":["https:\/\/walk4future.com\/2026\/01\/12\/change-letter-1-2026\/"]}]},{"@type":"ImageObject","inLanguage":"de","@id":"https:\/\/walk4future.com\/2026\/01\/12\/change-letter-1-2026\/#primaryimage","url":"https:\/\/walk4future.com\/wp-content\/uploads\/2025\/12\/collective-Consciousness.png","contentUrl":"https:\/\/walk4future.com\/wp-content\/uploads\/2025\/12\/collective-Consciousness.png","width":1080,"height":1350},{"@type":"BreadcrumbList","@id":"https:\/\/walk4future.com\/2026\/01\/12\/change-letter-1-2026\/#breadcrumb","itemListElement":[{"@type":"ListItem","position":1,"name":"Home","item":"https:\/\/walk4future.com\/"},{"@type":"ListItem","position":2,"name":"Change-Letter #1, 2026"}]},{"@type":"WebSite","@id":"https:\/\/walk4future.com\/#website","url":"https:\/\/walk4future.com\/","name":"Walk4Future","description":"Die Future Fashion-Bewegung","publisher":{"@id":"https:\/\/walk4future.com\/#organization"},"potentialAction":[{"@type":"SearchAction","target":{"@type":"EntryPoint","urlTemplate":"https:\/\/walk4future.com\/?s={search_term_string}"},"query-input":{"@type":"PropertyValueSpecification","valueRequired":true,"valueName":"search_term_string"}}],"inLanguage":"de"},{"@type":"Organization","@id":"https:\/\/walk4future.com\/#organization","name":"Walk4Future","url":"https:\/\/walk4future.com\/","logo":{"@type":"ImageObject","inLanguage":"de","@id":"https:\/\/walk4future.com\/#\/schema\/logo\/image\/","url":"https:\/\/walk4future.com\/wp-content\/uploads\/2025\/01\/WALK4FUTURe_cut.png","contentUrl":"https:\/\/walk4future.com\/wp-content\/uploads\/2025\/01\/WALK4FUTURe_cut.png","width":292,"height":292,"caption":"Walk4Future"},"image":{"@id":"https:\/\/walk4future.com\/#\/schema\/logo\/image\/"},"sameAs":["https:\/\/www.instagram.com\/walk.4future\/"]},{"@type":"Person","@id":"https:\/\/walk4future.com\/#\/schema\/person\/007df6cf797fac3777ee222d3215aee4","name":"Martina","image":{"@type":"ImageObject","inLanguage":"de","@id":"\/\/www.gravatar.com\/avatar\/e934402d62cc2ccac7f532352bb408b2?s=96&#038;r=g&#038;d=mm","url":"\/\/www.gravatar.com\/avatar\/e934402d62cc2ccac7f532352bb408b2?s=96&#038;r=g&#038;d=mm","contentUrl":"\/\/www.gravatar.com\/avatar\/e934402d62cc2ccac7f532352bb408b2?s=96&#038;r=g&#038;d=mm","caption":"Martina"},"sameAs":["https:\/\/walk4future.com"],"url":"https:\/\/walk4future.com\/de\/author\/w4fadmin\/"}]}},"_links":{"self":[{"href":"https:\/\/walk4future.com\/de\/wp-json\/wp\/v2\/posts\/9038","targetHints":{"allow":["GET"]}}],"collection":[{"href":"https:\/\/walk4future.com\/de\/wp-json\/wp\/v2\/posts"}],"about":[{"href":"https:\/\/walk4future.com\/de\/wp-json\/wp\/v2\/types\/post"}],"author":[{"embeddable":true,"href":"https:\/\/walk4future.com\/de\/wp-json\/wp\/v2\/users\/1"}],"replies":[{"embeddable":true,"href":"https:\/\/walk4future.com\/de\/wp-json\/wp\/v2\/comments?post=9038"}],"version-history":[{"count":5,"href":"https:\/\/walk4future.com\/de\/wp-json\/wp\/v2\/posts\/9038\/revisions"}],"predecessor-version":[{"id":9044,"href":"https:\/\/walk4future.com\/de\/wp-json\/wp\/v2\/posts\/9038\/revisions\/9044"}],"wp:featuredmedia":[{"embeddable":true,"href":"https:\/\/walk4future.com\/de\/wp-json\/wp\/v2\/media\/9035"}],"wp:attachment":[{"href":"https:\/\/walk4future.com\/de\/wp-json\/wp\/v2\/media?parent=9038"}],"wp:term":[{"taxonomy":"category","embeddable":true,"href":"https:\/\/walk4future.com\/de\/wp-json\/wp\/v2\/categories?post=9038"},{"taxonomy":"post_tag","embeddable":true,"href":"https:\/\/walk4future.com\/de\/wp-json\/wp\/v2\/tags?post=9038"}],"curies":[{"name":"wp","href":"https:\/\/api.w.org\/{rel}","templated":true}]}}