{"id":8068,"date":"2025-10-13T11:03:08","date_gmt":"2025-10-13T09:03:08","guid":{"rendered":"https:\/\/walk4future.com\/?p=8068"},"modified":"2025-10-13T11:09:01","modified_gmt":"2025-10-13T09:09:01","slug":"brands4future_die_internationale_mode_plattform","status":"publish","type":"post","link":"https:\/\/walk4future.com\/de\/2025\/10\/13\/brands4future_the_international_fashion_platform\/","title":{"rendered":"brands4future: Die internationale Plattform f\u00fcr faire Mode"},"content":{"rendered":"<div id=\"fws_69ee70533c62a\"  data-column-margin=\"default\" data-midnight=\"dark\"  class=\"wpb_row vc_row-fluid vc_row\"  style=\"padding-top: 30px; padding-bottom: 0px; \"><div class=\"row-bg-wrap\" data-bg-animation=\"none\" data-bg-animation-delay=\"\" data-bg-overlay=\"false\"><div class=\"inner-wrap row-bg-layer\" ><div class=\"row-bg viewport-desktop\"  style=\"\"><\/div><\/div><\/div><div class=\"row_col_wrap_12 col span_12 dark left\">\n\t<div  class=\"vc_col-sm-12 wpb_column column_container vc_column_container col no-extra-padding inherit_tablet inherit_phone\"  data-padding-pos=\"all\" data-has-bg-color=\"false\" data-bg-color=\"\" data-bg-opacity=\"1\" data-animation=\"\" data-delay=\"0\" >\n\t\t<div class=\"vc_column-inner\" >\n\t\t\t<div class=\"wpb_wrapper\">\n\t\t\t\t<div id=\"fws_69ee70533d0ed\" data-midnight=\"\" data-column-margin=\"default\" class=\"wpb_row vc_row-fluid vc_row inner_row\"  style=\"\"><div class=\"row-bg-wrap\"> <div class=\"row-bg\" ><\/div> <\/div><div class=\"row_col_wrap_12_inner col span_12  left\">\n\t<div  class=\"vc_col-sm-3 wpb_column column_container vc_column_container col child_column no-extra-padding inherit_tablet inherit_phone\"   data-padding-pos=\"all\" data-has-bg-color=\"false\" data-bg-color=\"\" data-bg-opacity=\"1\" data-animation=\"\" data-delay=\"0\" >\n\t\t<div class=\"vc_column-inner\" >\n\t\t<div class=\"wpb_wrapper\">\n\t\t\t\n\t\t<\/div> \n\t<\/div>\n\t<\/div> \n\n\t<div  class=\"vc_col-sm-6 wpb_column column_container vc_column_container col child_column no-extra-padding inherit_tablet inherit_phone\"   data-padding-pos=\"all\" data-has-bg-color=\"false\" data-bg-color=\"\" data-bg-opacity=\"1\" data-animation=\"\" data-delay=\"0\" >\n\t\t<div class=\"vc_column-inner\" >\n\t\t<div class=\"wpb_wrapper\">\n\t\t\t<div class=\"img-with-aniamtion-wrap center\" data-max-width=\"100%\" data-max-width-mobile=\"default\" data-shadow=\"none\" data-animation=\"none\" >\n      <div class=\"inner\">\n        <div class=\"hover-wrap\"> \n          <div class=\"hover-wrap-inner\">\n            <img loading=\"lazy\" decoding=\"async\" class=\"img-with-animation skip-lazy\" data-delay=\"0\" height=\"1080\" width=\"1920\" data-animation=\"none\" src=\"https:\/\/walk4future.com\/wp-content\/uploads\/2025\/10\/FAIR-FASHION-SHOOT.jpg\" alt=\"\" srcset=\"https:\/\/walk4future.com\/wp-content\/uploads\/2025\/10\/FAIR-FASHION-SHOOT.jpg 1920w, https:\/\/walk4future.com\/wp-content\/uploads\/2025\/10\/FAIR-FASHION-SHOOT-300x169.jpg 300w, https:\/\/walk4future.com\/wp-content\/uploads\/2025\/10\/FAIR-FASHION-SHOOT-1024x576.jpg 1024w, https:\/\/walk4future.com\/wp-content\/uploads\/2025\/10\/FAIR-FASHION-SHOOT-768x432.jpg 768w, https:\/\/walk4future.com\/wp-content\/uploads\/2025\/10\/FAIR-FASHION-SHOOT-1536x864.jpg 1536w, https:\/\/walk4future.com\/wp-content\/uploads\/2025\/10\/FAIR-FASHION-SHOOT-18x10.jpg 18w\" sizes=\"auto, (max-width: 1920px) 100vw, 1920px\" \/>\n          <\/div>\n        <\/div>\n      <\/div>\n    <\/div>\n\t\t<\/div> \n\t<\/div>\n\t<\/div> \n\n\t<div  class=\"vc_col-sm-3 wpb_column column_container vc_column_container col child_column no-extra-padding inherit_tablet inherit_phone\"   data-padding-pos=\"all\" data-has-bg-color=\"false\" data-bg-color=\"\" data-bg-opacity=\"1\" data-animation=\"\" data-delay=\"0\" >\n\t\t<div class=\"vc_column-inner\" >\n\t\t<div class=\"wpb_wrapper\">\n\t\t\t\n\t\t<\/div> \n\t<\/div>\n\t<\/div> \n<\/div><\/div>\n<div class=\"wpb_text_column wpb_content_element\" >\n\t<div class=\"wpb_wrapper\">\n\t\t<p><em><strong>Das gro\u00dfe Fotoshooting f\u00fcr den Start von brands4future - eine kuratierte Auswahl nachhaltiger Styles aus ganz Europa - findet am 24. und 25. Oktober 2025 in Wien statt.<\/strong><\/em><\/p>\n<p>Mit brands4future beginnt eine neue \u00c4ra der bewussten Mode: \u00e4sthetisch, verantwortungsvoll und zug\u00e4nglich. Das Konzept der kuratierten, fair und nachhaltig produzierten Mode verbindet Nachhaltigkeit mit Stil und Haltung - ein Statement gegen Fast Fashion und f\u00fcr faire und coole Kleidung.<\/p>\n<p>Das gro\u00dfe Fotoshooting f\u00fcr diese neue Modeplattform findet am 24. und 25. Oktober 2025 in Wien statt. Martina Gleissenebner-Teskey wird zusammen mit ihrer Tochter Lou-Anne und vier Models aus Deutschland und \u00d6sterreich nachhaltige Mode pr\u00e4sentieren.<\/p>\n<h4>Europas nachhaltige Mode im Fokus<\/h4>\n<p>Zum ersten Mal werden zw\u00f6lf nachhaltige Labels aus ganz Europa in einer kuratierten Auswahl pr\u00e4sentiert. Sie stehen f\u00fcr einen neuen Stil: modern, fair produziert, ethisch verantwortungsbewusst, dabei absolut tragbar und sehr cool!<\/p>\n\t<\/div>\n<\/div>\n\n\n\n\n\t\t\t<\/div> \n\t\t<\/div>\n\t<\/div> \n<\/div><\/div>\n\t\t<div id=\"fws_69ee70533ed67\"  data-column-margin=\"default\" data-midnight=\"dark\"  class=\"wpb_row vc_row-fluid vc_row\"  style=\"padding-top: 50px; padding-bottom: 50px; \"><div class=\"row-bg-wrap\" data-bg-animation=\"none\" data-bg-animation-delay=\"\" data-bg-overlay=\"false\"><div class=\"inner-wrap row-bg-layer\" ><div class=\"row-bg viewport-desktop\"  style=\"\"><\/div><\/div><\/div><div class=\"row_col_wrap_12 col span_12 dark left\">\n\t<div  class=\"vc_col-sm-3 wpb_column column_container vc_column_container col no-extra-padding inherit_tablet inherit_phone\"  data-padding-pos=\"all\" data-has-bg-color=\"false\" data-bg-color=\"\" data-bg-opacity=\"1\" data-animation=\"\" data-delay=\"0\" >\n\t\t<div class=\"vc_column-inner\" >\n\t\t\t<div class=\"wpb_wrapper\">\n\t\t\t\t\n\t\t\t<\/div> \n\t\t<\/div>\n\t<\/div> \n\n\t<div  class=\"vc_col-sm-6 wpb_column column_container vc_column_container col no-extra-padding inherit_tablet inherit_phone\"  data-padding-pos=\"all\" data-has-bg-color=\"false\" data-bg-color=\"\" data-bg-opacity=\"1\" data-animation=\"\" data-delay=\"0\" >\n\t\t<div class=\"vc_column-inner\" >\n\t\t\t<div class=\"wpb_wrapper\">\n\t\t\t\t<blockquote class=\"nectar_single_testimonial\" data-color=\"accent-color\" data-style=\"small_modern\"><div class=\"inner\"data-custom-color=\"true\" style=\"color: #820000;\"> <p><span class=\"open-quote\">\u201d<\/span>Nachhaltige Mode ist l\u00e4ngst kein Nischenthema mehr. brands4future zeigt, dass bewusstes Design modern, cool und erschwinglich sein kann - ohne Kompromisse bei Stil und Haltung einzugehen. <\/p><span class=\"wrap\"><span>Martina Gleissenebner-Teskey<\/span><span class=\"title\">Initiator walk4future-REthink Mode<\/span><\/span><\/div><\/blockquote>\n\t\t\t<\/div> \n\t\t<\/div>\n\t<\/div> \n\n\t<div  class=\"vc_col-sm-3 wpb_column column_container vc_column_container col no-extra-padding inherit_tablet inherit_phone\"  data-padding-pos=\"all\" data-has-bg-color=\"false\" data-bg-color=\"\" data-bg-opacity=\"1\" data-animation=\"\" data-delay=\"0\" >\n\t\t<div class=\"vc_column-inner\" >\n\t\t\t<div class=\"wpb_wrapper\">\n\t\t\t\t\n\t\t\t<\/div> \n\t\t<\/div>\n\t<\/div> \n<\/div><\/div>\n\t\t<div id=\"fws_69ee70533fd65\"  data-column-margin=\"default\" data-midnight=\"dark\"  class=\"wpb_row vc_row-fluid vc_row\"  style=\"padding-top: 0px; padding-bottom: 0px; \"><div class=\"row-bg-wrap\" data-bg-animation=\"none\" data-bg-animation-delay=\"\" data-bg-overlay=\"false\"><div class=\"inner-wrap row-bg-layer\" ><div class=\"row-bg viewport-desktop\"  style=\"\"><\/div><\/div><\/div><div class=\"row_col_wrap_12 col span_12 dark left\">\n\t<div  class=\"vc_col-sm-12 wpb_column column_container vc_column_container col no-extra-padding inherit_tablet inherit_phone\"  data-padding-pos=\"all\" data-has-bg-color=\"false\" data-bg-color=\"\" data-bg-opacity=\"1\" data-animation=\"\" data-delay=\"0\" >\n\t\t<div class=\"vc_column-inner\" >\n\t\t\t<div class=\"wpb_wrapper\">\n\t\t\t\t\n<div class=\"wpb_text_column wpb_content_element\" >\n\t<div class=\"wpb_wrapper\">\n\t\t<p>Initiiert und organisiert wird das Projekt von Martina Gleissenebner-Teskey, internationales Model, Autorin, Sprecherin und Coach - bekannt aus Germany's Next Top Model, wo sie als erstes Best-Ager-Model das Finale erreichte und damit ein starkes Zeichen f\u00fcr Vielfalt und Haltung in der Modewelt setzte.<\/p>\n<h4>Mode, die Haltung zeigt - und Bewegung schafft<\/h4>\n<p>Aber brands4future ist mehr als Mode. Es wurde aus einer Bewegung geboren, die inspiriert und aktiviert: walk4future-REthink Fashion<\/p>\n<ul>\n<li>WALK TOGETHER: Gehe gemeinsam spazieren - virtuell oder im echten Leben - um geistig und k\u00f6rperlich aktiv zu bleiben.<\/li>\n<li>EVOLVE TOGETHER: Lebe, konsumiere und entscheide bewusster - f\u00fcr dich und die Gesellschaft.<\/li>\n<\/ul>\n<h4>INVEST BETTER - Geld ist pers\u00f6nliche Macht<\/h4>\n<p>Die Initiative fordert, weniger f\u00fcr \u00fcberfl\u00fcssige Dinge und mehr f\u00fcr wertvolle Dinge auszugeben:<\/p>\n<ul>\n<li>Investiere in dich selbst: Bildung, pers\u00f6nliche Entwicklung, mentale St\u00e4rke.<\/li>\n<li>Investiere in bessere Produkte: fair, ethisch und verantwortungsbewusst hergestellt.<br \/>\nDer offizielle Start von brands4future wird am 15. November 2025 stattfinden.<\/li>\n<\/ul>\n\t<\/div>\n<\/div>\n\n\n\n\n\t\t\t<\/div> \n\t\t<\/div>\n\t<\/div> \n<\/div><\/div>\n\t\t<div id=\"fws_69ee7053407c7\"  data-column-margin=\"default\" data-midnight=\"dark\"  class=\"wpb_row vc_row-fluid vc_row\"  style=\"padding-top: 40px; padding-bottom: 0px; \"><div class=\"row-bg-wrap\" data-bg-animation=\"none\" data-bg-animation-delay=\"\" data-bg-overlay=\"false\"><div class=\"inner-wrap row-bg-layer\" ><div class=\"row-bg viewport-desktop\"  style=\"\"><\/div><\/div><\/div><div class=\"row_col_wrap_12 col span_12 dark left\">\n\t<div  class=\"vc_col-sm-12 wpb_column column_container vc_column_container col no-extra-padding inherit_tablet inherit_phone\"  data-padding-pos=\"all\" data-has-bg-color=\"false\" data-bg-color=\"\" data-bg-opacity=\"1\" data-animation=\"\" data-delay=\"0\" >\n\t\t<div class=\"vc_column-inner\" >\n\t\t\t<div class=\"wpb_wrapper\">\n\t\t\t\t\n<div class=\"wpb_text_column wpb_content_element\" >\n\t<div class=\"wpb_wrapper\">\n\t\t<h4>\u00dcber den Initiator:<\/h4>\n<p>Martina Gleissenebner-Teskey war Teil der internationalen Model-\u00c4ra der 1990er Jahre, vertrat \u00f6sterreichische NGOs beim UN-Gipfel Rio+5 und organisierte 1998 die erste Messe f\u00fcr nachhaltige Lebensstile (OEKOSTYLE). Sie entwickelte das Charisma-Konzept, arbeitete international als Trainerin, Autorin und Coach - und wurde einem breiteren Publikum durch ihre Teilnahme an Germany's Next Top Model bekannt, wo sie als erstes Best-Ager-Model das Finale erreichte. Martina lebte und arbeitete in Monte Carlo, Mailand, Paris und Toronto und gilt heute als eine der f\u00fchrenden Stimmen f\u00fcr bewusste Mode und moderne Werte in der Modeindustrie.<\/p>\n\t<\/div>\n<\/div>\n\n\n\n\n\t\t\t<\/div> \n\t\t<\/div>\n\t<\/div> \n<\/div><\/div>","protected":false},"excerpt":{"rendered":"Das gro\u00dfe Fotoshooting zum Start von brands4future - einer kuratierten Auswahl nachhaltiger Styles aus ganz Europa - findet am 24. und 25. Oktober in Wien statt,...","protected":false},"author":1,"featured_media":8062,"comment_status":"closed","ping_status":"open","sticky":false,"template":"","format":"standard","meta":{"_view_id":"","_price":"","_stock":"","_tribe_ticket_header":"","_tribe_default_ticket_provider":"","_tribe_ticket_capacity":"0","_ticket_start_date":"","_ticket_end_date":"","_tribe_ticket_show_description":"","_tribe_ticket_show_not_going":false,"_tribe_ticket_use_global_stock":"","_tribe_ticket_global_stock_level":"","_global_stock_mode":"","_global_stock_cap":"","_tribe_rsvp_for_event":"","_tribe_ticket_going_count":"","_tribe_ticket_not_going_count":"","_tribe_tickets_list":"[]","_tribe_ticket_has_attendee_info_fields":false,"footnotes":""},"categories":[4,66],"tags":[178,179],"class_list":["post-8068","post","type-post","status-publish","format-standard","has-post-thumbnail","category-fashion","category-inspiration","tag-fair-fashion","tag-photoshoot"],"yoast_head":"<!-- This site is optimized with the Yoast SEO plugin v27.3 - https:\/\/yoast.com\/product\/yoast-seo-wordpress\/ -->\n<title>brands4future: The International Fair Fashion Platform - walk4future\u00ae - REthink Fashion!<\/title>\n<meta name=\"description\" content=\"With brands4future, a new era of conscious fashion begins: aesthetic, responsible, and approachable. Twelve sustainable labels from Europe\" \/>\n<meta name=\"robots\" content=\"index, follow, max-snippet:-1, max-image-preview:large, max-video-preview:-1\" \/>\n<link rel=\"canonical\" href=\"https:\/\/walk4future.com\/de\/2025\/10\/13\/brands4future_die_internationale_mode_plattform\/\" \/>\n<meta property=\"og:locale\" content=\"de_DE\" \/>\n<meta property=\"og:type\" content=\"article\" \/>\n<meta property=\"og:title\" content=\"brands4future: The International Fair Fashion Platform - walk4future\u00ae - REthink Fashion!\" \/>\n<meta property=\"og:description\" content=\"With brands4future, a new era of conscious fashion begins: aesthetic, responsible, and approachable. Twelve sustainable labels from Europe\" \/>\n<meta property=\"og:url\" content=\"https:\/\/walk4future.com\/de\/2025\/10\/13\/brands4future_die_internationale_mode_plattform\/\" \/>\n<meta property=\"og:site_name\" content=\"walk4future\u00ae - REthink Fashion!\" \/>\n<meta property=\"article:published_time\" content=\"2025-10-13T09:03:08+00:00\" \/>\n<meta property=\"article:modified_time\" content=\"2025-10-13T09:09:01+00:00\" \/>\n<meta property=\"og:image\" content=\"https:\/\/walk4future.com\/wp-content\/uploads\/2025\/10\/FAIR-FASHION-SHOOT.jpg\" \/>\n\t<meta property=\"og:image:width\" content=\"1920\" \/>\n\t<meta property=\"og:image:height\" content=\"1080\" \/>\n\t<meta property=\"og:image:type\" content=\"image\/jpeg\" \/>\n<meta name=\"author\" content=\"Martina\" \/>\n<meta name=\"twitter:card\" content=\"summary_large_image\" \/>\n<meta name=\"twitter:label1\" content=\"Verfasst von\" \/>\n\t<meta name=\"twitter:data1\" content=\"Martina\" \/>\n\t<meta name=\"twitter:label2\" content=\"Gesch\u00e4tzte Lesezeit\" \/>\n\t<meta name=\"twitter:data2\" content=\"4\u00a0Minuten\" \/>\n<script type=\"application\/ld+json\" class=\"yoast-schema-graph\">{\"@context\":\"https:\\\/\\\/schema.org\",\"@graph\":[{\"@type\":\"Article\",\"@id\":\"https:\\\/\\\/walk4future.com\\\/2025\\\/10\\\/13\\\/brands4future_the_international_fashion_platform\\\/#article\",\"isPartOf\":{\"@id\":\"https:\\\/\\\/walk4future.com\\\/2025\\\/10\\\/13\\\/brands4future_the_international_fashion_platform\\\/\"},\"author\":{\"name\":\"Martina\",\"@id\":\"https:\\\/\\\/walk4future.com\\\/#\\\/schema\\\/person\\\/007df6cf797fac3777ee222d3215aee4\"},\"headline\":\"brands4future: The International Fair Fashion Platform\",\"datePublished\":\"2025-10-13T09:03:08+00:00\",\"dateModified\":\"2025-10-13T09:09:01+00:00\",\"mainEntityOfPage\":{\"@id\":\"https:\\\/\\\/walk4future.com\\\/2025\\\/10\\\/13\\\/brands4future_the_international_fashion_platform\\\/\"},\"wordCount\":1657,\"publisher\":{\"@id\":\"https:\\\/\\\/walk4future.com\\\/#organization\"},\"image\":{\"@id\":\"https:\\\/\\\/walk4future.com\\\/2025\\\/10\\\/13\\\/brands4future_the_international_fashion_platform\\\/#primaryimage\"},\"thumbnailUrl\":\"https:\\\/\\\/walk4future.com\\\/wp-content\\\/uploads\\\/2025\\\/10\\\/FAIR-FASHION-SHOOT.jpg\",\"keywords\":[\"fair fashion\",\"photoshoot\"],\"articleSection\":[\"Fashion\",\"Inspiration\"],\"inLanguage\":\"de\"},{\"@type\":\"WebPage\",\"@id\":\"https:\\\/\\\/walk4future.com\\\/2025\\\/10\\\/13\\\/brands4future_the_international_fashion_platform\\\/\",\"url\":\"https:\\\/\\\/walk4future.com\\\/2025\\\/10\\\/13\\\/brands4future_the_international_fashion_platform\\\/\",\"name\":\"brands4future: The International Fair Fashion Platform - walk4future\u00ae - REthink Fashion!\",\"isPartOf\":{\"@id\":\"https:\\\/\\\/walk4future.com\\\/#website\"},\"primaryImageOfPage\":{\"@id\":\"https:\\\/\\\/walk4future.com\\\/2025\\\/10\\\/13\\\/brands4future_the_international_fashion_platform\\\/#primaryimage\"},\"image\":{\"@id\":\"https:\\\/\\\/walk4future.com\\\/2025\\\/10\\\/13\\\/brands4future_the_international_fashion_platform\\\/#primaryimage\"},\"thumbnailUrl\":\"https:\\\/\\\/walk4future.com\\\/wp-content\\\/uploads\\\/2025\\\/10\\\/FAIR-FASHION-SHOOT.jpg\",\"datePublished\":\"2025-10-13T09:03:08+00:00\",\"dateModified\":\"2025-10-13T09:09:01+00:00\",\"description\":\"With brands4future, a new era of conscious fashion begins: aesthetic, responsible, and approachable. Twelve sustainable labels from Europe\",\"breadcrumb\":{\"@id\":\"https:\\\/\\\/walk4future.com\\\/2025\\\/10\\\/13\\\/brands4future_the_international_fashion_platform\\\/#breadcrumb\"},\"inLanguage\":\"de\",\"potentialAction\":[{\"@type\":\"ReadAction\",\"target\":[\"https:\\\/\\\/walk4future.com\\\/2025\\\/10\\\/13\\\/brands4future_the_international_fashion_platform\\\/\"]}]},{\"@type\":\"ImageObject\",\"inLanguage\":\"de\",\"@id\":\"https:\\\/\\\/walk4future.com\\\/2025\\\/10\\\/13\\\/brands4future_the_international_fashion_platform\\\/#primaryimage\",\"url\":\"https:\\\/\\\/walk4future.com\\\/wp-content\\\/uploads\\\/2025\\\/10\\\/FAIR-FASHION-SHOOT.jpg\",\"contentUrl\":\"https:\\\/\\\/walk4future.com\\\/wp-content\\\/uploads\\\/2025\\\/10\\\/FAIR-FASHION-SHOOT.jpg\",\"width\":1920,\"height\":1080},{\"@type\":\"BreadcrumbList\",\"@id\":\"https:\\\/\\\/walk4future.com\\\/2025\\\/10\\\/13\\\/brands4future_the_international_fashion_platform\\\/#breadcrumb\",\"itemListElement\":[{\"@type\":\"ListItem\",\"position\":1,\"name\":\"Home\",\"item\":\"https:\\\/\\\/walk4future.com\\\/\"},{\"@type\":\"ListItem\",\"position\":2,\"name\":\"brands4future: The International Fair Fashion Platform\"}]},{\"@type\":\"WebSite\",\"@id\":\"https:\\\/\\\/walk4future.com\\\/#website\",\"url\":\"https:\\\/\\\/walk4future.com\\\/\",\"name\":\"Walk4Future\",\"description\":\"The Future Fashion Movement\",\"publisher\":{\"@id\":\"https:\\\/\\\/walk4future.com\\\/#organization\"},\"potentialAction\":[{\"@type\":\"SearchAction\",\"target\":{\"@type\":\"EntryPoint\",\"urlTemplate\":\"https:\\\/\\\/walk4future.com\\\/?s={search_term_string}\"},\"query-input\":{\"@type\":\"PropertyValueSpecification\",\"valueRequired\":true,\"valueName\":\"search_term_string\"}}],\"inLanguage\":\"de\"},{\"@type\":\"Organization\",\"@id\":\"https:\\\/\\\/walk4future.com\\\/#organization\",\"name\":\"Walk4Future\",\"url\":\"https:\\\/\\\/walk4future.com\\\/\",\"logo\":{\"@type\":\"ImageObject\",\"inLanguage\":\"de\",\"@id\":\"https:\\\/\\\/walk4future.com\\\/#\\\/schema\\\/logo\\\/image\\\/\",\"url\":\"https:\\\/\\\/walk4future.com\\\/wp-content\\\/uploads\\\/2025\\\/01\\\/WALK4FUTURe_cut.png\",\"contentUrl\":\"https:\\\/\\\/walk4future.com\\\/wp-content\\\/uploads\\\/2025\\\/01\\\/WALK4FUTURe_cut.png\",\"width\":292,\"height\":292,\"caption\":\"Walk4Future\"},\"image\":{\"@id\":\"https:\\\/\\\/walk4future.com\\\/#\\\/schema\\\/logo\\\/image\\\/\"},\"sameAs\":[\"https:\\\/\\\/www.instagram.com\\\/walk.4future\\\/\"]},{\"@type\":\"Person\",\"@id\":\"https:\\\/\\\/walk4future.com\\\/#\\\/schema\\\/person\\\/007df6cf797fac3777ee222d3215aee4\",\"name\":\"Martina\",\"image\":{\"@type\":\"ImageObject\",\"inLanguage\":\"de\",\"@id\":\"\\\/\\\/www.gravatar.com\\\/avatar\\\/e934402d62cc2ccac7f532352bb408b2?s=96&#038;r=g&#038;d=mm\",\"url\":\"\\\/\\\/www.gravatar.com\\\/avatar\\\/e934402d62cc2ccac7f532352bb408b2?s=96&#038;r=g&#038;d=mm\",\"contentUrl\":\"\\\/\\\/www.gravatar.com\\\/avatar\\\/e934402d62cc2ccac7f532352bb408b2?s=96&#038;r=g&#038;d=mm\",\"caption\":\"Martina\"},\"sameAs\":[\"https:\\\/\\\/walk4future.com\"],\"url\":\"https:\\\/\\\/walk4future.com\\\/de\\\/author\\\/w4fadmin\\\/\"}]}<\/script>\n<!-- \/ Yoast SEO plugin. -->","yoast_head_json":{"title":"brands4future: Die internationale Fair Fashion Plattform - walk4future\u00ae - REthink Fashion!","description":"Mit brands4future beginnt eine neue \u00c4ra der bewussten Mode: \u00e4sthetisch, verantwortungsvoll und zug\u00e4nglich. Zw\u00f6lf nachhaltige Labels aus Europa","robots":{"index":"index","follow":"follow","max-snippet":"max-snippet:-1","max-image-preview":"max-image-preview:large","max-video-preview":"max-video-preview:-1"},"canonical":"https:\/\/walk4future.com\/de\/2025\/10\/13\/brands4future_die_internationale_mode_plattform\/","og_locale":"de_DE","og_type":"article","og_title":"brands4future: The International Fair Fashion Platform - walk4future\u00ae - REthink Fashion!","og_description":"With brands4future, a new era of conscious fashion begins: aesthetic, responsible, and approachable. Twelve sustainable labels from Europe","og_url":"https:\/\/walk4future.com\/de\/2025\/10\/13\/brands4future_die_internationale_mode_plattform\/","og_site_name":"walk4future\u00ae - REthink Fashion!","article_published_time":"2025-10-13T09:03:08+00:00","article_modified_time":"2025-10-13T09:09:01+00:00","og_image":[{"width":1920,"height":1080,"url":"https:\/\/walk4future.com\/wp-content\/uploads\/2025\/10\/FAIR-FASHION-SHOOT.jpg","type":"image\/jpeg"}],"author":"Martina","twitter_card":"summary_large_image","twitter_misc":{"Verfasst von":"Martina","Gesch\u00e4tzte Lesezeit":"4\u00a0Minuten"},"schema":{"@context":"https:\/\/schema.org","@graph":[{"@type":"Article","@id":"https:\/\/walk4future.com\/2025\/10\/13\/brands4future_the_international_fashion_platform\/#article","isPartOf":{"@id":"https:\/\/walk4future.com\/2025\/10\/13\/brands4future_the_international_fashion_platform\/"},"author":{"name":"Martina","@id":"https:\/\/walk4future.com\/#\/schema\/person\/007df6cf797fac3777ee222d3215aee4"},"headline":"brands4future: The International Fair Fashion Platform","datePublished":"2025-10-13T09:03:08+00:00","dateModified":"2025-10-13T09:09:01+00:00","mainEntityOfPage":{"@id":"https:\/\/walk4future.com\/2025\/10\/13\/brands4future_the_international_fashion_platform\/"},"wordCount":1657,"publisher":{"@id":"https:\/\/walk4future.com\/#organization"},"image":{"@id":"https:\/\/walk4future.com\/2025\/10\/13\/brands4future_the_international_fashion_platform\/#primaryimage"},"thumbnailUrl":"https:\/\/walk4future.com\/wp-content\/uploads\/2025\/10\/FAIR-FASHION-SHOOT.jpg","keywords":["fair fashion","photoshoot"],"articleSection":["Fashion","Inspiration"],"inLanguage":"de"},{"@type":"WebPage","@id":"https:\/\/walk4future.com\/2025\/10\/13\/brands4future_the_international_fashion_platform\/","url":"https:\/\/walk4future.com\/2025\/10\/13\/brands4future_the_international_fashion_platform\/","name":"brands4future: Die internationale Fair Fashion Plattform - walk4future\u00ae - REthink Fashion!","isPartOf":{"@id":"https:\/\/walk4future.com\/#website"},"primaryImageOfPage":{"@id":"https:\/\/walk4future.com\/2025\/10\/13\/brands4future_the_international_fashion_platform\/#primaryimage"},"image":{"@id":"https:\/\/walk4future.com\/2025\/10\/13\/brands4future_the_international_fashion_platform\/#primaryimage"},"thumbnailUrl":"https:\/\/walk4future.com\/wp-content\/uploads\/2025\/10\/FAIR-FASHION-SHOOT.jpg","datePublished":"2025-10-13T09:03:08+00:00","dateModified":"2025-10-13T09:09:01+00:00","description":"Mit brands4future beginnt eine neue \u00c4ra der bewussten Mode: \u00e4sthetisch, verantwortungsvoll und zug\u00e4nglich. Zw\u00f6lf nachhaltige Labels aus Europa","breadcrumb":{"@id":"https:\/\/walk4future.com\/2025\/10\/13\/brands4future_the_international_fashion_platform\/#breadcrumb"},"inLanguage":"de","potentialAction":[{"@type":"ReadAction","target":["https:\/\/walk4future.com\/2025\/10\/13\/brands4future_the_international_fashion_platform\/"]}]},{"@type":"ImageObject","inLanguage":"de","@id":"https:\/\/walk4future.com\/2025\/10\/13\/brands4future_the_international_fashion_platform\/#primaryimage","url":"https:\/\/walk4future.com\/wp-content\/uploads\/2025\/10\/FAIR-FASHION-SHOOT.jpg","contentUrl":"https:\/\/walk4future.com\/wp-content\/uploads\/2025\/10\/FAIR-FASHION-SHOOT.jpg","width":1920,"height":1080},{"@type":"BreadcrumbList","@id":"https:\/\/walk4future.com\/2025\/10\/13\/brands4future_the_international_fashion_platform\/#breadcrumb","itemListElement":[{"@type":"ListItem","position":1,"name":"Home","item":"https:\/\/walk4future.com\/"},{"@type":"ListItem","position":2,"name":"brands4future: The International Fair Fashion Platform"}]},{"@type":"WebSite","@id":"https:\/\/walk4future.com\/#website","url":"https:\/\/walk4future.com\/","name":"Walk4Future","description":"Die Future Fashion-Bewegung","publisher":{"@id":"https:\/\/walk4future.com\/#organization"},"potentialAction":[{"@type":"SearchAction","target":{"@type":"EntryPoint","urlTemplate":"https:\/\/walk4future.com\/?s={search_term_string}"},"query-input":{"@type":"PropertyValueSpecification","valueRequired":true,"valueName":"search_term_string"}}],"inLanguage":"de"},{"@type":"Organization","@id":"https:\/\/walk4future.com\/#organization","name":"Walk4Future","url":"https:\/\/walk4future.com\/","logo":{"@type":"ImageObject","inLanguage":"de","@id":"https:\/\/walk4future.com\/#\/schema\/logo\/image\/","url":"https:\/\/walk4future.com\/wp-content\/uploads\/2025\/01\/WALK4FUTURe_cut.png","contentUrl":"https:\/\/walk4future.com\/wp-content\/uploads\/2025\/01\/WALK4FUTURe_cut.png","width":292,"height":292,"caption":"Walk4Future"},"image":{"@id":"https:\/\/walk4future.com\/#\/schema\/logo\/image\/"},"sameAs":["https:\/\/www.instagram.com\/walk.4future\/"]},{"@type":"Person","@id":"https:\/\/walk4future.com\/#\/schema\/person\/007df6cf797fac3777ee222d3215aee4","name":"Martina","image":{"@type":"ImageObject","inLanguage":"de","@id":"\/\/www.gravatar.com\/avatar\/e934402d62cc2ccac7f532352bb408b2?s=96&#038;r=g&#038;d=mm","url":"\/\/www.gravatar.com\/avatar\/e934402d62cc2ccac7f532352bb408b2?s=96&#038;r=g&#038;d=mm","contentUrl":"\/\/www.gravatar.com\/avatar\/e934402d62cc2ccac7f532352bb408b2?s=96&#038;r=g&#038;d=mm","caption":"Martina"},"sameAs":["https:\/\/walk4future.com"],"url":"https:\/\/walk4future.com\/de\/author\/w4fadmin\/"}]}},"_links":{"self":[{"href":"https:\/\/walk4future.com\/de\/wp-json\/wp\/v2\/posts\/8068","targetHints":{"allow":["GET"]}}],"collection":[{"href":"https:\/\/walk4future.com\/de\/wp-json\/wp\/v2\/posts"}],"about":[{"href":"https:\/\/walk4future.com\/de\/wp-json\/wp\/v2\/types\/post"}],"author":[{"embeddable":true,"href":"https:\/\/walk4future.com\/de\/wp-json\/wp\/v2\/users\/1"}],"replies":[{"embeddable":true,"href":"https:\/\/walk4future.com\/de\/wp-json\/wp\/v2\/comments?post=8068"}],"version-history":[{"count":7,"href":"https:\/\/walk4future.com\/de\/wp-json\/wp\/v2\/posts\/8068\/revisions"}],"predecessor-version":[{"id":8075,"href":"https:\/\/walk4future.com\/de\/wp-json\/wp\/v2\/posts\/8068\/revisions\/8075"}],"wp:featuredmedia":[{"embeddable":true,"href":"https:\/\/walk4future.com\/de\/wp-json\/wp\/v2\/media\/8062"}],"wp:attachment":[{"href":"https:\/\/walk4future.com\/de\/wp-json\/wp\/v2\/media?parent=8068"}],"wp:term":[{"taxonomy":"category","embeddable":true,"href":"https:\/\/walk4future.com\/de\/wp-json\/wp\/v2\/categories?post=8068"},{"taxonomy":"post_tag","embeddable":true,"href":"https:\/\/walk4future.com\/de\/wp-json\/wp\/v2\/tags?post=8068"}],"curies":[{"name":"wp","href":"https:\/\/api.w.org\/{rel}","templated":true}]}}