{"id":6347,"date":"2025-03-11T11:44:42","date_gmt":"2025-03-11T10:44:42","guid":{"rendered":"https:\/\/walk4future.com\/?p=6347"},"modified":"2025-08-16T10:38:57","modified_gmt":"2025-08-16T08:38:57","slug":"endgultige-route-fur-walk4future-2025","status":"publish","type":"post","link":"https:\/\/walk4future.com\/de\/2025\/03\/11\/final-route-for-walk4future-2025\/","title":{"rendered":"Endg\u00fcltige Route f\u00fcr walk4future 2025!"},"content":{"rendered":"<div id=\"fws_69efe463a2c7f\"  data-column-margin=\"default\" data-midnight=\"dark\"  class=\"wpb_row vc_row-fluid vc_row\"  style=\"padding-top: 30px; padding-bottom: 0px; \"><div class=\"row-bg-wrap\" data-bg-animation=\"none\" data-bg-animation-delay=\"\" data-bg-overlay=\"false\"><div class=\"inner-wrap row-bg-layer\" ><div class=\"row-bg viewport-desktop\"  style=\"\"><\/div><\/div><\/div><div class=\"row_col_wrap_12 col span_12 dark left\">\n\t<div  class=\"vc_col-sm-12 wpb_column column_container vc_column_container col no-extra-padding inherit_tablet inherit_phone\"  data-padding-pos=\"all\" data-has-bg-color=\"false\" data-bg-color=\"\" data-bg-opacity=\"1\" data-animation=\"\" data-delay=\"0\" >\n\t\t<div class=\"vc_column-inner\" >\n\t\t\t<div class=\"wpb_wrapper\">\n\t\t\t\t<div id=\"fws_69efe463a3da4\" data-midnight=\"\" data-column-margin=\"default\" class=\"wpb_row vc_row-fluid vc_row inner_row\"  style=\"\"><div class=\"row-bg-wrap\"> <div class=\"row-bg\" ><\/div> <\/div><div class=\"row_col_wrap_12_inner col span_12  left\">\n\t<div  class=\"vc_col-sm-6 wpb_column column_container vc_column_container col child_column no-extra-padding inherit_tablet inherit_phone\"   data-padding-pos=\"all\" data-has-bg-color=\"false\" data-bg-color=\"\" data-bg-opacity=\"1\" data-animation=\"\" data-delay=\"0\" >\n\t\t<div class=\"vc_column-inner\" >\n\t\t<div class=\"wpb_wrapper\">\n\t\t\t<div class=\"img-with-aniamtion-wrap center\" data-max-width=\"100%\" data-max-width-mobile=\"default\" data-shadow=\"none\" data-animation=\"none\" >\n      <div class=\"inner\">\n        <div class=\"hover-wrap\"> \n          <div class=\"hover-wrap-inner\">\n            <img loading=\"lazy\" decoding=\"async\" class=\"img-with-animation skip-lazy\" data-delay=\"0\" height=\"720\" width=\"1280\" data-animation=\"none\" src=\"https:\/\/walk4future.com\/wp-content\/uploads\/2025\/03\/WALK4FUTURE25_DE_final-route-1.jpg\" alt=\"\" srcset=\"https:\/\/walk4future.com\/wp-content\/uploads\/2025\/03\/WALK4FUTURE25_DE_final-route-1.jpg 1280w, https:\/\/walk4future.com\/wp-content\/uploads\/2025\/03\/WALK4FUTURE25_DE_final-route-1-300x169.jpg 300w, https:\/\/walk4future.com\/wp-content\/uploads\/2025\/03\/WALK4FUTURE25_DE_final-route-1-1024x576.jpg 1024w, https:\/\/walk4future.com\/wp-content\/uploads\/2025\/03\/WALK4FUTURE25_DE_final-route-1-768x432.jpg 768w, https:\/\/walk4future.com\/wp-content\/uploads\/2025\/03\/WALK4FUTURE25_DE_final-route-1-18x10.jpg 18w\" sizes=\"auto, (max-width: 1280px) 100vw, 1280px\" \/>\n          <\/div>\n        <\/div>\n      <\/div>\n    <\/div>\n\t\t<\/div> \n\t<\/div>\n\t<\/div> \n\n\t<div  class=\"vc_col-sm-6 wpb_column column_container vc_column_container col child_column no-extra-padding inherit_tablet inherit_phone\"   data-padding-pos=\"all\" data-has-bg-color=\"false\" data-bg-color=\"\" data-bg-opacity=\"1\" data-animation=\"\" data-delay=\"0\" >\n\t\t<div class=\"vc_column-inner\" >\n\t\t<div class=\"wpb_wrapper\">\n\t\t\t<div class=\"img-with-aniamtion-wrap center\" data-max-width=\"100%\" data-max-width-mobile=\"default\" data-shadow=\"none\" data-animation=\"none\" >\n      <div class=\"inner\">\n        <div class=\"hover-wrap\"> \n          <div class=\"hover-wrap-inner\">\n            <a href=\"https:\/\/walk4future.com\/de\/triff-martina-auf-ihrem-weg\/\" target=\"_blank\" class=\"center\">\n              <img loading=\"lazy\" decoding=\"async\" class=\"img-with-animation skip-lazy\" data-delay=\"0\" height=\"491\" width=\"1012\" data-animation=\"none\" src=\"https:\/\/walk4future.com\/wp-content\/uploads\/2025\/04\/Walking-Route.png\" alt=\"walk4future Wanderroute von Amsterdam nach Frankfurt\" srcset=\"https:\/\/walk4future.com\/wp-content\/uploads\/2025\/04\/Walking-Route.png 1012w, https:\/\/walk4future.com\/wp-content\/uploads\/2025\/04\/Walking-Route-300x146.png 300w, https:\/\/walk4future.com\/wp-content\/uploads\/2025\/04\/Walking-Route-768x373.png 768w, https:\/\/walk4future.com\/wp-content\/uploads\/2025\/04\/Walking-Route-18x9.png 18w\" sizes=\"auto, (max-width: 1012px) 100vw, 1012px\" \/>\n            <\/a>\n          <\/div>\n        <\/div>\n      <\/div>\n      <\/div>\n\t\t<\/div> \n\t<\/div>\n\t<\/div> \n<\/div><\/div>\n<div class=\"wpb_text_column wpb_content_element\" >\n\t<div class=\"wpb_wrapper\">\n\t\t<p>Es ist entschieden! Die endg\u00fcltige Route des walk4future 2025 wird von Amsterdam nach Frankfurt f\u00fchren, wo ich den Bus nach \u0141\u00f3d\u017a, Polen, nehmen werde, um am 20. Mai an der Sustainable Fashion Show teilzunehmen.<\/p>\n<p>Mit dieser Show wird die URBAN FUTURE-Konferenz zur nachhaltigen Entwicklung von St\u00e4dten er\u00f6ffnet, auf der Martina auch eine Sitzung \u00fcber begehbare St\u00e4dte leiten wird.<\/p>\n<p>Ab dem 1. Mai wird Martina \u00fcber D\u00fcsseldorf, K\u00f6ln, Bonn und schlie\u00dflich am 16. oder 17. Mai Frankfurt erreichen. Die detaillierte Planung wird Schritt f\u00fcr Schritt erfolgen.<\/p>\n<h3>Wie k\u00f6nnen Sie ab JETZT mitmachen?<\/h3>\n<ol>\n<li><a href=\"https:\/\/walk4future.com\/de\/walk-save-challenge\/\">Mach mit bei der Herausforderung<\/a> o Zugang zur Live-Route zu erhalten und vielleicht Martina auf ihrer Wanderung zu begleiten<\/li>\n<li>Empfehlungen aussprechen, welche nachhaltigen Marken und Gesch\u00e4fte Martina besuchen sollte, und auf Folgendes hinweisen<\/li>\n<\/ol>\n\t<\/div>\n<\/div>\n\n\n\n\n\t\t\t<\/div> \n\t\t<\/div>\n\t<\/div> \n<\/div><\/div>","protected":false},"excerpt":{"rendered":"Es ist entschieden! Die endg\u00fcltige Route f\u00fcr den walk4future 2025 wird von Amsterdam nach Frankfurt f\u00fchren, wo ich den Bus nach \u0141\u00f3d\u017a, Polen, nehmen werde, um an der Sustainable Fashion...","protected":false},"author":1,"featured_media":6365,"comment_status":"open","ping_status":"open","sticky":false,"template":"","format":"standard","meta":{"_view_id":"","_price":"","_stock":"","_tribe_ticket_header":"","_tribe_default_ticket_provider":"","_tribe_ticket_capacity":"0","_ticket_start_date":"","_ticket_end_date":"","_tribe_ticket_show_description":"","_tribe_ticket_show_not_going":false,"_tribe_ticket_use_global_stock":"","_tribe_ticket_global_stock_level":"","_global_stock_mode":"","_global_stock_cap":"","_tribe_rsvp_for_event":"","_tribe_ticket_going_count":"","_tribe_ticket_not_going_count":"","_tribe_tickets_list":"[]","_tribe_ticket_has_attendee_info_fields":false,"footnotes":""},"categories":[69,130],"tags":[92,94,93],"class_list":["post-6347","post","type-post","status-publish","format-standard","has-post-thumbnail","category-take-action","category-130","tag-membership","tag-walk4future2025","tag-walking-route"],"yoast_head":"<!-- This site is optimized with the Yoast SEO plugin v27.3 - https:\/\/yoast.com\/product\/yoast-seo-wordpress\/ -->\n<title>Final Route for walk4future 2025! - walk4future\u00ae - REthink Fashion!<\/title>\n<meta name=\"description\" content=\"It&#039;s decided! The final route for walk4future 2025 will go from Amsterdam to Frankfurt, from where I will take a bus to Lodz\" \/>\n<meta name=\"robots\" content=\"index, follow, max-snippet:-1, max-image-preview:large, max-video-preview:-1\" \/>\n<link rel=\"canonical\" href=\"https:\/\/walk4future.com\/de\/2025\/03\/11\/endgultige-route-fur-walk4future-2025\/\" \/>\n<meta property=\"og:locale\" content=\"de_DE\" \/>\n<meta property=\"og:type\" content=\"article\" \/>\n<meta property=\"og:title\" content=\"Final Route for walk4future 2025! - walk4future\u00ae - REthink Fashion!\" \/>\n<meta property=\"og:description\" content=\"It&#039;s decided! The final route for walk4future 2025 will go from Amsterdam to Frankfurt, from where I will take a bus to Lodz\" \/>\n<meta property=\"og:url\" content=\"https:\/\/walk4future.com\/de\/2025\/03\/11\/endgultige-route-fur-walk4future-2025\/\" \/>\n<meta property=\"og:site_name\" content=\"walk4future\u00ae - REthink Fashion!\" \/>\n<meta property=\"article:published_time\" content=\"2025-03-11T10:44:42+00:00\" \/>\n<meta property=\"article:modified_time\" content=\"2025-08-16T08:38:57+00:00\" \/>\n<meta property=\"og:image\" content=\"https:\/\/walk4future.com\/wp-content\/uploads\/2025\/03\/WALK4FUTURE25_DE_final-route-1.jpg\" \/>\n\t<meta property=\"og:image:width\" content=\"1280\" \/>\n\t<meta property=\"og:image:height\" content=\"720\" \/>\n\t<meta property=\"og:image:type\" content=\"image\/jpeg\" \/>\n<meta name=\"author\" content=\"Martina\" \/>\n<meta name=\"twitter:card\" content=\"summary_large_image\" \/>\n<meta name=\"twitter:label1\" content=\"Verfasst von\" \/>\n\t<meta name=\"twitter:data1\" content=\"Martina\" \/>\n\t<meta name=\"twitter:label2\" content=\"Gesch\u00e4tzte Lesezeit\" \/>\n\t<meta name=\"twitter:data2\" content=\"2\u00a0Minuten\" \/>\n<script type=\"application\/ld+json\" class=\"yoast-schema-graph\">{\"@context\":\"https:\\\/\\\/schema.org\",\"@graph\":[{\"@type\":\"Article\",\"@id\":\"https:\\\/\\\/walk4future.com\\\/2025\\\/03\\\/11\\\/final-route-for-walk4future-2025\\\/#article\",\"isPartOf\":{\"@id\":\"https:\\\/\\\/walk4future.com\\\/2025\\\/03\\\/11\\\/final-route-for-walk4future-2025\\\/\"},\"author\":{\"name\":\"Martina\",\"@id\":\"https:\\\/\\\/walk4future.com\\\/#\\\/schema\\\/person\\\/007df6cf797fac3777ee222d3215aee4\"},\"headline\":\"Final Route for walk4future 2025!\",\"datePublished\":\"2025-03-11T10:44:42+00:00\",\"dateModified\":\"2025-08-16T08:38:57+00:00\",\"mainEntityOfPage\":{\"@id\":\"https:\\\/\\\/walk4future.com\\\/2025\\\/03\\\/11\\\/final-route-for-walk4future-2025\\\/\"},\"wordCount\":614,\"commentCount\":0,\"publisher\":{\"@id\":\"https:\\\/\\\/walk4future.com\\\/#organization\"},\"image\":{\"@id\":\"https:\\\/\\\/walk4future.com\\\/2025\\\/03\\\/11\\\/final-route-for-walk4future-2025\\\/#primaryimage\"},\"thumbnailUrl\":\"https:\\\/\\\/walk4future.com\\\/wp-content\\\/uploads\\\/2025\\\/03\\\/WALK4FUTURE25_DE_final-route-1.jpg\",\"keywords\":[\"Membership\",\"walk4future2025\",\"walking route\"],\"articleSection\":[\"Take Action!\",\"Walk4Future 2025\"],\"inLanguage\":\"de\",\"potentialAction\":[{\"@type\":\"CommentAction\",\"name\":\"Comment\",\"target\":[\"https:\\\/\\\/walk4future.com\\\/2025\\\/03\\\/11\\\/final-route-for-walk4future-2025\\\/#respond\"]}]},{\"@type\":\"WebPage\",\"@id\":\"https:\\\/\\\/walk4future.com\\\/2025\\\/03\\\/11\\\/final-route-for-walk4future-2025\\\/\",\"url\":\"https:\\\/\\\/walk4future.com\\\/2025\\\/03\\\/11\\\/final-route-for-walk4future-2025\\\/\",\"name\":\"Final Route for walk4future 2025! - walk4future\u00ae - REthink Fashion!\",\"isPartOf\":{\"@id\":\"https:\\\/\\\/walk4future.com\\\/#website\"},\"primaryImageOfPage\":{\"@id\":\"https:\\\/\\\/walk4future.com\\\/2025\\\/03\\\/11\\\/final-route-for-walk4future-2025\\\/#primaryimage\"},\"image\":{\"@id\":\"https:\\\/\\\/walk4future.com\\\/2025\\\/03\\\/11\\\/final-route-for-walk4future-2025\\\/#primaryimage\"},\"thumbnailUrl\":\"https:\\\/\\\/walk4future.com\\\/wp-content\\\/uploads\\\/2025\\\/03\\\/WALK4FUTURE25_DE_final-route-1.jpg\",\"datePublished\":\"2025-03-11T10:44:42+00:00\",\"dateModified\":\"2025-08-16T08:38:57+00:00\",\"description\":\"It's decided! The final route for walk4future 2025 will go from Amsterdam to Frankfurt, from where I will take a bus to Lodz\",\"breadcrumb\":{\"@id\":\"https:\\\/\\\/walk4future.com\\\/2025\\\/03\\\/11\\\/final-route-for-walk4future-2025\\\/#breadcrumb\"},\"inLanguage\":\"de\",\"potentialAction\":[{\"@type\":\"ReadAction\",\"target\":[\"https:\\\/\\\/walk4future.com\\\/2025\\\/03\\\/11\\\/final-route-for-walk4future-2025\\\/\"]}]},{\"@type\":\"ImageObject\",\"inLanguage\":\"de\",\"@id\":\"https:\\\/\\\/walk4future.com\\\/2025\\\/03\\\/11\\\/final-route-for-walk4future-2025\\\/#primaryimage\",\"url\":\"https:\\\/\\\/walk4future.com\\\/wp-content\\\/uploads\\\/2025\\\/03\\\/WALK4FUTURE25_DE_final-route-1.jpg\",\"contentUrl\":\"https:\\\/\\\/walk4future.com\\\/wp-content\\\/uploads\\\/2025\\\/03\\\/WALK4FUTURE25_DE_final-route-1.jpg\",\"width\":1280,\"height\":720},{\"@type\":\"BreadcrumbList\",\"@id\":\"https:\\\/\\\/walk4future.com\\\/2025\\\/03\\\/11\\\/final-route-for-walk4future-2025\\\/#breadcrumb\",\"itemListElement\":[{\"@type\":\"ListItem\",\"position\":1,\"name\":\"Home\",\"item\":\"https:\\\/\\\/walk4future.com\\\/\"},{\"@type\":\"ListItem\",\"position\":2,\"name\":\"Final Route for walk4future 2025!\"}]},{\"@type\":\"WebSite\",\"@id\":\"https:\\\/\\\/walk4future.com\\\/#website\",\"url\":\"https:\\\/\\\/walk4future.com\\\/\",\"name\":\"Walk4Future\",\"description\":\"The Future Fashion Movement\",\"publisher\":{\"@id\":\"https:\\\/\\\/walk4future.com\\\/#organization\"},\"potentialAction\":[{\"@type\":\"SearchAction\",\"target\":{\"@type\":\"EntryPoint\",\"urlTemplate\":\"https:\\\/\\\/walk4future.com\\\/?s={search_term_string}\"},\"query-input\":{\"@type\":\"PropertyValueSpecification\",\"valueRequired\":true,\"valueName\":\"search_term_string\"}}],\"inLanguage\":\"de\"},{\"@type\":\"Organization\",\"@id\":\"https:\\\/\\\/walk4future.com\\\/#organization\",\"name\":\"Walk4Future\",\"url\":\"https:\\\/\\\/walk4future.com\\\/\",\"logo\":{\"@type\":\"ImageObject\",\"inLanguage\":\"de\",\"@id\":\"https:\\\/\\\/walk4future.com\\\/#\\\/schema\\\/logo\\\/image\\\/\",\"url\":\"https:\\\/\\\/walk4future.com\\\/wp-content\\\/uploads\\\/2025\\\/01\\\/WALK4FUTURe_cut.png\",\"contentUrl\":\"https:\\\/\\\/walk4future.com\\\/wp-content\\\/uploads\\\/2025\\\/01\\\/WALK4FUTURe_cut.png\",\"width\":292,\"height\":292,\"caption\":\"Walk4Future\"},\"image\":{\"@id\":\"https:\\\/\\\/walk4future.com\\\/#\\\/schema\\\/logo\\\/image\\\/\"},\"sameAs\":[\"https:\\\/\\\/www.instagram.com\\\/walk.4future\\\/\"]},{\"@type\":\"Person\",\"@id\":\"https:\\\/\\\/walk4future.com\\\/#\\\/schema\\\/person\\\/007df6cf797fac3777ee222d3215aee4\",\"name\":\"Martina\",\"image\":{\"@type\":\"ImageObject\",\"inLanguage\":\"de\",\"@id\":\"\\\/\\\/www.gravatar.com\\\/avatar\\\/e934402d62cc2ccac7f532352bb408b2?s=96&#038;r=g&#038;d=mm\",\"url\":\"\\\/\\\/www.gravatar.com\\\/avatar\\\/e934402d62cc2ccac7f532352bb408b2?s=96&#038;r=g&#038;d=mm\",\"contentUrl\":\"\\\/\\\/www.gravatar.com\\\/avatar\\\/e934402d62cc2ccac7f532352bb408b2?s=96&#038;r=g&#038;d=mm\",\"caption\":\"Martina\"},\"sameAs\":[\"https:\\\/\\\/walk4future.com\"],\"url\":\"https:\\\/\\\/walk4future.com\\\/de\\\/author\\\/w4fadmin\\\/\"}]}<\/script>\n<!-- \/ Yoast SEO plugin. -->","yoast_head_json":{"title":"Endg\u00fcltige Route f\u00fcr den walk4future 2025! - walk4future\u00ae - Mode neu denken!","description":"Es ist entschieden! Die endg\u00fcltige Route f\u00fcr den walk4future 2025 wird von Amsterdam nach Frankfurt f\u00fchren, von wo aus ich einen Bus nach Lodz nehmen werde","robots":{"index":"index","follow":"follow","max-snippet":"max-snippet:-1","max-image-preview":"max-image-preview:large","max-video-preview":"max-video-preview:-1"},"canonical":"https:\/\/walk4future.com\/de\/2025\/03\/11\/endgultige-route-fur-walk4future-2025\/","og_locale":"de_DE","og_type":"article","og_title":"Final Route for walk4future 2025! - walk4future\u00ae - REthink Fashion!","og_description":"It's decided! The final route for walk4future 2025 will go from Amsterdam to Frankfurt, from where I will take a bus to Lodz","og_url":"https:\/\/walk4future.com\/de\/2025\/03\/11\/endgultige-route-fur-walk4future-2025\/","og_site_name":"walk4future\u00ae - REthink Fashion!","article_published_time":"2025-03-11T10:44:42+00:00","article_modified_time":"2025-08-16T08:38:57+00:00","og_image":[{"width":1280,"height":720,"url":"https:\/\/walk4future.com\/wp-content\/uploads\/2025\/03\/WALK4FUTURE25_DE_final-route-1.jpg","type":"image\/jpeg"}],"author":"Martina","twitter_card":"summary_large_image","twitter_misc":{"Verfasst von":"Martina","Gesch\u00e4tzte Lesezeit":"2\u00a0Minuten"},"schema":{"@context":"https:\/\/schema.org","@graph":[{"@type":"Article","@id":"https:\/\/walk4future.com\/2025\/03\/11\/final-route-for-walk4future-2025\/#article","isPartOf":{"@id":"https:\/\/walk4future.com\/2025\/03\/11\/final-route-for-walk4future-2025\/"},"author":{"name":"Martina","@id":"https:\/\/walk4future.com\/#\/schema\/person\/007df6cf797fac3777ee222d3215aee4"},"headline":"Final Route for walk4future 2025!","datePublished":"2025-03-11T10:44:42+00:00","dateModified":"2025-08-16T08:38:57+00:00","mainEntityOfPage":{"@id":"https:\/\/walk4future.com\/2025\/03\/11\/final-route-for-walk4future-2025\/"},"wordCount":614,"commentCount":0,"publisher":{"@id":"https:\/\/walk4future.com\/#organization"},"image":{"@id":"https:\/\/walk4future.com\/2025\/03\/11\/final-route-for-walk4future-2025\/#primaryimage"},"thumbnailUrl":"https:\/\/walk4future.com\/wp-content\/uploads\/2025\/03\/WALK4FUTURE25_DE_final-route-1.jpg","keywords":["Membership","walk4future2025","walking route"],"articleSection":["Take Action!","Walk4Future 2025"],"inLanguage":"de","potentialAction":[{"@type":"CommentAction","name":"Comment","target":["https:\/\/walk4future.com\/2025\/03\/11\/final-route-for-walk4future-2025\/#respond"]}]},{"@type":"WebPage","@id":"https:\/\/walk4future.com\/2025\/03\/11\/final-route-for-walk4future-2025\/","url":"https:\/\/walk4future.com\/2025\/03\/11\/final-route-for-walk4future-2025\/","name":"Endg\u00fcltige Route f\u00fcr den walk4future 2025! - walk4future\u00ae - Mode neu denken!","isPartOf":{"@id":"https:\/\/walk4future.com\/#website"},"primaryImageOfPage":{"@id":"https:\/\/walk4future.com\/2025\/03\/11\/final-route-for-walk4future-2025\/#primaryimage"},"image":{"@id":"https:\/\/walk4future.com\/2025\/03\/11\/final-route-for-walk4future-2025\/#primaryimage"},"thumbnailUrl":"https:\/\/walk4future.com\/wp-content\/uploads\/2025\/03\/WALK4FUTURE25_DE_final-route-1.jpg","datePublished":"2025-03-11T10:44:42+00:00","dateModified":"2025-08-16T08:38:57+00:00","description":"Es ist entschieden! Die endg\u00fcltige Route f\u00fcr den walk4future 2025 wird von Amsterdam nach Frankfurt f\u00fchren, von wo aus ich einen Bus nach Lodz nehmen werde","breadcrumb":{"@id":"https:\/\/walk4future.com\/2025\/03\/11\/final-route-for-walk4future-2025\/#breadcrumb"},"inLanguage":"de","potentialAction":[{"@type":"ReadAction","target":["https:\/\/walk4future.com\/2025\/03\/11\/final-route-for-walk4future-2025\/"]}]},{"@type":"ImageObject","inLanguage":"de","@id":"https:\/\/walk4future.com\/2025\/03\/11\/final-route-for-walk4future-2025\/#primaryimage","url":"https:\/\/walk4future.com\/wp-content\/uploads\/2025\/03\/WALK4FUTURE25_DE_final-route-1.jpg","contentUrl":"https:\/\/walk4future.com\/wp-content\/uploads\/2025\/03\/WALK4FUTURE25_DE_final-route-1.jpg","width":1280,"height":720},{"@type":"BreadcrumbList","@id":"https:\/\/walk4future.com\/2025\/03\/11\/final-route-for-walk4future-2025\/#breadcrumb","itemListElement":[{"@type":"ListItem","position":1,"name":"Home","item":"https:\/\/walk4future.com\/"},{"@type":"ListItem","position":2,"name":"Final Route for walk4future 2025!"}]},{"@type":"WebSite","@id":"https:\/\/walk4future.com\/#website","url":"https:\/\/walk4future.com\/","name":"Walk4Future","description":"Die Future Fashion-Bewegung","publisher":{"@id":"https:\/\/walk4future.com\/#organization"},"potentialAction":[{"@type":"SearchAction","target":{"@type":"EntryPoint","urlTemplate":"https:\/\/walk4future.com\/?s={search_term_string}"},"query-input":{"@type":"PropertyValueSpecification","valueRequired":true,"valueName":"search_term_string"}}],"inLanguage":"de"},{"@type":"Organization","@id":"https:\/\/walk4future.com\/#organization","name":"Walk4Future","url":"https:\/\/walk4future.com\/","logo":{"@type":"ImageObject","inLanguage":"de","@id":"https:\/\/walk4future.com\/#\/schema\/logo\/image\/","url":"https:\/\/walk4future.com\/wp-content\/uploads\/2025\/01\/WALK4FUTURe_cut.png","contentUrl":"https:\/\/walk4future.com\/wp-content\/uploads\/2025\/01\/WALK4FUTURe_cut.png","width":292,"height":292,"caption":"Walk4Future"},"image":{"@id":"https:\/\/walk4future.com\/#\/schema\/logo\/image\/"},"sameAs":["https:\/\/www.instagram.com\/walk.4future\/"]},{"@type":"Person","@id":"https:\/\/walk4future.com\/#\/schema\/person\/007df6cf797fac3777ee222d3215aee4","name":"Martina","image":{"@type":"ImageObject","inLanguage":"de","@id":"\/\/www.gravatar.com\/avatar\/e934402d62cc2ccac7f532352bb408b2?s=96&#038;r=g&#038;d=mm","url":"\/\/www.gravatar.com\/avatar\/e934402d62cc2ccac7f532352bb408b2?s=96&#038;r=g&#038;d=mm","contentUrl":"\/\/www.gravatar.com\/avatar\/e934402d62cc2ccac7f532352bb408b2?s=96&#038;r=g&#038;d=mm","caption":"Martina"},"sameAs":["https:\/\/walk4future.com"],"url":"https:\/\/walk4future.com\/de\/author\/w4fadmin\/"}]}},"_links":{"self":[{"href":"https:\/\/walk4future.com\/de\/wp-json\/wp\/v2\/posts\/6347","targetHints":{"allow":["GET"]}}],"collection":[{"href":"https:\/\/walk4future.com\/de\/wp-json\/wp\/v2\/posts"}],"about":[{"href":"https:\/\/walk4future.com\/de\/wp-json\/wp\/v2\/types\/post"}],"author":[{"embeddable":true,"href":"https:\/\/walk4future.com\/de\/wp-json\/wp\/v2\/users\/1"}],"replies":[{"embeddable":true,"href":"https:\/\/walk4future.com\/de\/wp-json\/wp\/v2\/comments?post=6347"}],"version-history":[{"count":7,"href":"https:\/\/walk4future.com\/de\/wp-json\/wp\/v2\/posts\/6347\/revisions"}],"predecessor-version":[{"id":6979,"href":"https:\/\/walk4future.com\/de\/wp-json\/wp\/v2\/posts\/6347\/revisions\/6979"}],"wp:featuredmedia":[{"embeddable":true,"href":"https:\/\/walk4future.com\/de\/wp-json\/wp\/v2\/media\/6365"}],"wp:attachment":[{"href":"https:\/\/walk4future.com\/de\/wp-json\/wp\/v2\/media?parent=6347"}],"wp:term":[{"taxonomy":"category","embeddable":true,"href":"https:\/\/walk4future.com\/de\/wp-json\/wp\/v2\/categories?post=6347"},{"taxonomy":"post_tag","embeddable":true,"href":"https:\/\/walk4future.com\/de\/wp-json\/wp\/v2\/tags?post=6347"}],"curies":[{"name":"wp","href":"https:\/\/api.w.org\/{rel}","templated":true}]}}